{"id":4909,"date":"2025-11-14T12:25:42","date_gmt":"2025-11-14T17:25:42","guid":{"rendered":"http:\/\/3.97.166.135\/?p=4909"},"modified":"2025-11-14T12:25:44","modified_gmt":"2025-11-14T17:25:44","slug":"entretien-systeme-radon-quebec-quelle-est-la-duree-de-vie-dun-systeme-dattenuation-du-radon","status":"publish","type":"post","link":"https:\/\/leradon.com\/?p=4909","title":{"rendered":"Entretien Syst\u00e8me Radon Qu\u00e9bec: Quelle est la dur\u00e9e de vie d\u2019un syst\u00e8me d\u2019att\u00e9nuation du radon ?"},"content":{"rendered":"\t\t<div data-elementor-type=\"wp-post\" data-elementor-id=\"4909\" class=\"elementor elementor-4909\" data-elementor-post-type=\"post\">\n\t\t\t\t<div class=\"elementor-element elementor-element-91be831c e-flex e-con-boxed e-con e-parent\" data-id=\"91be831c\" data-element_type=\"container\" data-e-type=\"container\">\n\t\t\t\t\t<div class=\"e-con-inner\">\n\t\t\t\t<div class=\"elementor-element elementor-element-c650d900 elementor-widget elementor-widget-heading\" data-id=\"c650d900\" data-element_type=\"widget\" data-e-type=\"widget\" data-widget_type=\"heading.default\">\n\t\t\t\t<div class=\"elementor-widget-container\">\n\t\t\t\t\t<h1 class=\"elementor-heading-title elementor-size-default\">Entretien Syst\u00e8me Radon Qu\u00e9bec: Quelle est la dur\u00e9e de vie d\u2019un syst\u00e8me d\u2019att\u00e9nuation du radon ?<\/h1>\t\t\t\t<\/div>\n\t\t\t\t<\/div>\n\t\t\t\t<div class=\"elementor-element elementor-element-c573c102 elementor-widget elementor-widget-text-editor\" data-id=\"c573c102\" data-element_type=\"widget\" data-e-type=\"widget\" data-widget_type=\"text-editor.default\">\n\t\t\t\t<div class=\"elementor-widget-container\">\n\t\t\t\t\t\t\t\t\t<p>Lorsqu\u2019un propri\u00e9taire d\u00e9couvre un niveau \u00e9lev\u00e9 de radon dans sa maison, l\u2019installation d\u2019un <strong>syst\u00e8me d\u2019att\u00e9nuation<\/strong> devient une priorit\u00e9. Mais une question revient constamment : <strong>Combien de temps un syst\u00e8me d\u2019att\u00e9nuation du radon peut-il durer ?<\/strong> Et surtout, <strong>doit-on pr\u00e9voir un entretien r\u00e9gulier ou un remplacement apr\u00e8s quelques ann\u00e9es ?<\/strong> L\u2019affiliation \u00e0 une association professionnelle, telle que l\u2019ACSTR, est un gage d\u2019expertise et de s\u00e9rieux pour garantir l\u2019efficacit\u00e9 des interventions d\u2019att\u00e9nuation du radon.<\/p>\t\t\t\t\t\t\t\t<\/div>\n\t\t\t\t<\/div>\n\t\t\t\t<div class=\"elementor-element elementor-element-88811053 elementor-widget elementor-widget-text-editor\" data-id=\"88811053\" data-element_type=\"widget\" data-e-type=\"widget\" data-widget_type=\"text-editor.default\">\n\t\t\t\t<div class=\"elementor-widget-container\">\n\t\t\t\t\t\t\t\t\t<p>Le radon est un gaz radioactif provenant de la d\u00e9sint\u00e9gration de l\u2019uranium naturellement pr\u00e9sent dans la terre, qui peut s\u2019infiltrer dans les b\u00e2timents par le sol. Selon Sant\u00e9 Canada, la concentration maximale recommand\u00e9e de radon dans l\u2019air int\u00e9rieur est de 200 becquerels par m\u00e8tre cube. Il est donc essentiel de mesurer r\u00e9guli\u00e8rement le radon et de respecter cette norme pour assurer la s\u00e9curit\u00e9 des occupants. L\u2019int\u00e9gration de mesures pr\u00e9ventives contre le radon d\u00e8s la construction des maisons, comme l\u2019\u00e9tanch\u00e9it\u00e9 de la dalle et la ventilation, est fortement recommand\u00e9e pour limiter les risques. Enfin, il est important de rappeler l\u2019impact du radon sur la sant\u00e9 publique au Qu\u00e9bec, notamment en tant que cause de cancer du poumon.<\/p>\t\t\t\t\t\t\t\t<\/div>\n\t\t\t\t<\/div>\n\t\t\t\t<div class=\"elementor-element elementor-element-4e27af35 elementor-widget elementor-widget-heading\" data-id=\"4e27af35\" data-element_type=\"widget\" data-e-type=\"widget\" data-widget_type=\"heading.default\">\n\t\t\t\t<div class=\"elementor-widget-container\">\n\t\t\t\t\t<h2 class=\"elementor-heading-title elementor-size-default\">Pourquoi le radon est-il dangereux ? Les effets sur la sant\u00e9<\/h2>\t\t\t\t<\/div>\n\t\t\t\t<\/div>\n\t\t\t\t<div class=\"elementor-element elementor-element-5cdd5f80 elementor-widget elementor-widget-image\" data-id=\"5cdd5f80\" data-element_type=\"widget\" data-e-type=\"widget\" data-widget_type=\"image.default\">\n\t\t\t\t<div class=\"elementor-widget-container\">\n\t\t\t\t\t\t\t\t\t\t\t\t\t\t\t<img fetchpriority=\"high\" decoding=\"async\" width=\"800\" height=\"457\" src=\"https:\/\/leradon.com\/wp-content\/uploads\/2025\/11\/97355eab-78ed-4421-921b-806e88c29834-1024x585.png\" class=\"attachment-large size-large wp-image-4910\" alt=\"\" srcset=\"https:\/\/leradon.com\/wp-content\/uploads\/2025\/11\/97355eab-78ed-4421-921b-806e88c29834-1024x585.png 1024w, https:\/\/leradon.com\/wp-content\/uploads\/2025\/11\/97355eab-78ed-4421-921b-806e88c29834-300x171.png 300w, https:\/\/leradon.com\/wp-content\/uploads\/2025\/11\/97355eab-78ed-4421-921b-806e88c29834-768x439.png 768w, https:\/\/leradon.com\/wp-content\/uploads\/2025\/11\/97355eab-78ed-4421-921b-806e88c29834-600x343.png 600w, https:\/\/leradon.com\/wp-content\/uploads\/2025\/11\/97355eab-78ed-4421-921b-806e88c29834.png 1344w\" sizes=\"(max-width: 800px) 100vw, 800px\" \/>\t\t\t\t\t\t\t\t\t\t\t\t\t\t\t<\/div>\n\t\t\t\t<\/div>\n\t\t\t\t<div class=\"elementor-element elementor-element-33585c99 elementor-widget elementor-widget-text-editor\" data-id=\"33585c99\" data-element_type=\"widget\" data-e-type=\"widget\" data-widget_type=\"text-editor.default\">\n\t\t\t\t<div class=\"elementor-widget-container\">\n\t\t\t\t\t\t\t\t\t<p>Le radon est un gaz radioactif naturellement pr\u00e9sent dans le sol, qui peut s\u2019infiltrer dans les maisons, surtout par les sous-sols, les fissures dans la dalle ou les fondations, ainsi que par tout point de contact avec le sol. Invisible, inodore et sans saveur, il s\u2019accumule parfois \u00e0 des concentrations dangereuses dans l\u2019air int\u00e9rieur, sans que l\u2019on s\u2019en rende compte.<\/p>\t\t\t\t\t\t\t\t<\/div>\n\t\t\t\t<\/div>\n\t\t\t\t<div class=\"elementor-element elementor-element-3c36486b elementor-widget elementor-widget-text-editor\" data-id=\"3c36486b\" data-element_type=\"widget\" data-e-type=\"widget\" data-widget_type=\"text-editor.default\">\n\t\t\t\t<div class=\"elementor-widget-container\">\n\t\t\t\t\t\t\t\t\t<p>La principale menace du radon dans une maison concerne la sant\u00e9 des occupants. Il est donc crucial de d\u00e9tecter le radon dans votre maison afin de limiter les risques. Selon Sant\u00e9 Canada, le radon est la deuxi\u00e8me cause de cancer du poumon apr\u00e8s le tabagisme. Il est responsable d\u2019environ 16 % des d\u00e9c\u00e8s par cancer du poumon au pays, ce qui repr\u00e9sente des milliers de cas chaque ann\u00e9e. M\u00eame les non-fumeurs ne sont pas \u00e0 l\u2019abri : l\u2019exposition prolong\u00e9e \u00e0 des concentrations \u00e9lev\u00e9es de radon augmente consid\u00e9rablement le risque de d\u00e9velopper un cancer du poumon, car les particules radioactives inhal\u00e9es endommagent progressivement les cellules des poumons. Une exposition prolong\u00e9e peut entra\u00eener de graves probl\u00e8mes de sant\u00e9.<\/p>\t\t\t\t\t\t\t\t<\/div>\n\t\t\t\t<\/div>\n\t\t\t\t<div class=\"elementor-element elementor-element-532673aa elementor-widget elementor-widget-text-editor\" data-id=\"532673aa\" data-element_type=\"widget\" data-e-type=\"widget\" data-widget_type=\"text-editor.default\">\n\t\t\t\t<div class=\"elementor-widget-container\">\n\t\t\t\t\t\t\t\t\t<p>Les concentrations de radon peuvent varier \u00e9norm\u00e9ment d\u2019une maison \u00e0 l\u2019autre, m\u00eame dans le m\u00eame quartier, en fonction de la nature du sol, de la structure de la maison, de la pr\u00e9sence de fissures ou de vides sous la dalle, et de l\u2019efficacit\u00e9 des syst\u00e8mes de ventilation. C\u2019est pourquoi il est essentiel de r\u00e9aliser des tests de radon pour conna\u00eetre la situation r\u00e9elle dans chaque maison. Si la concentration mesur\u00e9e d\u00e9passe la ligne directrice, des mesures correctives doivent \u00eatre envisag\u00e9es. Si les r\u00e9sultats d\u00e9passent le seuil de 200 Bq\/m3 recommand\u00e9 par Sant\u00e9 Canada, il est fortement conseill\u00e9 de prendre des mesures d\u2019att\u00e9nuation. Cette valeur correspond \u00e0 la ligne directrice canadienne pour la concentration de radon.<\/p>\t\t\t\t\t\t\t\t<\/div>\n\t\t\t\t<\/div>\n\t\t\t\t<div class=\"elementor-element elementor-element-54a4dabe elementor-widget elementor-widget-text-editor\" data-id=\"54a4dabe\" data-element_type=\"widget\" data-e-type=\"widget\" data-widget_type=\"text-editor.default\">\n\t\t\t\t<div class=\"elementor-widget-container\">\n\t\t\t\t\t\t\t\t\t<p>Les solutions pour r\u00e9duire les concentrations de radon incluent la d\u00e9pressurisation sous la dalle, le scellement des fissures et l\u2019am\u00e9lioration de la ventilation. Ces travaux doivent id\u00e9alement \u00eatre r\u00e9alis\u00e9s par un entrepreneur certifi\u00e9 par le Programme national de comp\u00e9tence sur le radon au Canada (PNCR-C), afin de garantir la s\u00e9curit\u00e9 et l\u2019efficacit\u00e9 des interventions.<\/p>\t\t\t\t\t\t\t\t<\/div>\n\t\t\t\t<\/div>\n\t\t\t\t<div class=\"elementor-element elementor-element-55e545ab elementor-widget elementor-widget-text-editor\" data-id=\"55e545ab\" data-element_type=\"widget\" data-e-type=\"widget\" data-widget_type=\"text-editor.default\">\n\t\t\t\t<div class=\"elementor-widget-container\">\n\t\t\t\t\t\t\t\t\t<p>En r\u00e9sum\u00e9, la pr\u00e9sence de radon dans une maison repr\u00e9sente un risque r\u00e9el pour la sant\u00e9, en particulier pour le cancer du poumon. Seule la r\u00e9alisation de tests permet de conna\u00eetre la concentration de radon et de d\u00e9cider des mesures \u00e0 prendre. Prot\u00e9ger sa famille passe par la vigilance, la pr\u00e9vention et l\u2019intervention de sp\u00e9cialistes comp\u00e9tents.<\/p>\t\t\t\t\t\t\t\t<\/div>\n\t\t\t\t<\/div>\n\t\t\t\t<div class=\"elementor-element elementor-element-2e8514c7 elementor-widget elementor-widget-heading\" data-id=\"2e8514c7\" data-element_type=\"widget\" data-e-type=\"widget\" data-widget_type=\"heading.default\">\n\t\t\t\t<div class=\"elementor-widget-container\">\n\t\t\t\t\t<h2 class=\"elementor-heading-title elementor-size-default\">Comprendre la dur\u00e9e de vie d\u2019un syst\u00e8me d\u2019att\u00e9nuation<\/h2>\t\t\t\t<\/div>\n\t\t\t\t<\/div>\n\t\t\t\t<div class=\"elementor-element elementor-element-f9e25056 elementor-widget elementor-widget-image\" data-id=\"f9e25056\" data-element_type=\"widget\" data-e-type=\"widget\" data-widget_type=\"image.default\">\n\t\t\t\t<div class=\"elementor-widget-container\">\n\t\t\t\t\t\t\t\t\t\t\t\t\t\t\t<img decoding=\"async\" width=\"768\" height=\"1024\" src=\"https:\/\/leradon.com\/wp-content\/uploads\/2025\/11\/d30508f8-8b85-4976-9feb-e358b76082b5-768x1024.jpeg\" class=\"attachment-large size-large wp-image-4911\" alt=\"\" srcset=\"https:\/\/leradon.com\/wp-content\/uploads\/2025\/11\/d30508f8-8b85-4976-9feb-e358b76082b5-768x1024.jpeg 768w, https:\/\/leradon.com\/wp-content\/uploads\/2025\/11\/d30508f8-8b85-4976-9feb-e358b76082b5-225x300.jpeg 225w, https:\/\/leradon.com\/wp-content\/uploads\/2025\/11\/d30508f8-8b85-4976-9feb-e358b76082b5-1152x1536.jpeg 1152w, https:\/\/leradon.com\/wp-content\/uploads\/2025\/11\/d30508f8-8b85-4976-9feb-e358b76082b5-1536x2048.jpeg 1536w, https:\/\/leradon.com\/wp-content\/uploads\/2025\/11\/d30508f8-8b85-4976-9feb-e358b76082b5-600x800.jpeg 600w, https:\/\/leradon.com\/wp-content\/uploads\/2025\/11\/d30508f8-8b85-4976-9feb-e358b76082b5.jpeg 1620w\" sizes=\"(max-width: 768px) 100vw, 768px\" \/>\t\t\t\t\t\t\t\t\t\t\t\t\t\t\t<\/div>\n\t\t\t\t<\/div>\n\t\t\t\t<div class=\"elementor-element elementor-element-a0815ef5 elementor-widget elementor-widget-text-editor\" data-id=\"a0815ef5\" data-element_type=\"widget\" data-e-type=\"widget\" data-widget_type=\"text-editor.default\">\n\t\t\t\t<div class=\"elementor-widget-container\">\n\t\t\t\t\t\t\t\t\t<p>La dur\u00e9e de vie d\u2019un syst\u00e8me d\u2019att\u00e9nuation du radon d\u00e9pend de la qualit\u00e9 de conception, d\u2019installation et du suivi d\u2019un syst\u00e8me adapt\u00e9 \u00e0 la maison. Lors de l\u2019installation d\u2019un syst\u00e8me d\u2019att\u00e9nuation du radon, il est essentiel de pr\u00e9voir une connexion ad\u00e9quate pour optimiser l\u2019extraction du radon et assurer l\u2019efficacit\u00e9 de la ventilation. Un syst\u00e8me d\u2019att\u00e9nuation du radon n\u2019est pas un appareil unique : c\u2019est un ensemble compos\u00e9 d\u2019un <strong>ventilateur de d\u00e9pressurisation<\/strong>, de tuyaux, d\u2019un point d\u2019aspiration sous la dalle, de scellements, parfois d\u2019un manom\u00e8tre ou d\u2019un capteur de pression, et la surveillance des dalles de b\u00e9ton est \u00e9galement cruciale car elles peuvent constituer une voie d\u2019infiltration du radon. Il existe diff\u00e9rents types de ventilateurs, de tuyaux et de scellants selon le type de maison ou de sol, ce qui permet d\u2019adapter le syst\u00e8me \u00e0 chaque situation, y compris la prise en compte des vides sanitaires dans la conception selon la structure de la maison.<\/p>\t\t\t\t\t\t\t\t<\/div>\n\t\t\t\t<\/div>\n\t\t\t\t<div class=\"elementor-element elementor-element-ed6a5bcd elementor-widget elementor-widget-text-editor\" data-id=\"ed6a5bcd\" data-element_type=\"widget\" data-e-type=\"widget\" data-widget_type=\"text-editor.default\">\n\t\t\t\t<div class=\"elementor-widget-container\">\n\t\t\t\t\t\t\t\t\t<p>En g\u00e9n\u00e9ral, la <strong>dur\u00e9e de vie d\u2019un syst\u00e8me d\u2019att\u00e9nuation complet<\/strong> se situe entre <strong>10 et 20 ans<\/strong>. Cependant, la dur\u00e9e de vie peut varier selon le type de composant utilis\u00e9 :<\/p>\t\t\t\t\t\t\t\t<\/div>\n\t\t\t\t<\/div>\n\t\t\t\t<div class=\"elementor-element elementor-element-3b7d56f7 elementor-widget elementor-widget-text-editor\" data-id=\"3b7d56f7\" data-element_type=\"widget\" data-e-type=\"widget\" data-widget_type=\"text-editor.default\">\n\t\t\t\t<div class=\"elementor-widget-container\">\n\t\t\t\t\t\t\t\t\t<ul><li><p>Le <strong>ventilateur<\/strong> est la pi\u00e8ce la plus sollicit\u00e9e : sa dur\u00e9e de vie moyenne est de <strong>8 \u00e0 15 ans<\/strong> (certains types de ventilateurs peuvent durer plus ou moins longtemps selon leur usage).<\/p><\/li><li><p>Les <strong>tuyaux en PVC<\/strong>, eux, peuvent durer <strong>plus de 25 ans<\/strong>.<\/p><\/li><li><p>Les joints et scellants doivent \u00eatre v\u00e9rifi\u00e9s tous les <strong>5 \u00e0 10 ans<\/strong>, car ils peuvent s\u00e9cher, craquer ou perdre leur efficacit\u00e9 (le type de scellant utilis\u00e9 influence aussi cette dur\u00e9e). Il est important de traiter chaque fissure dans les murs ou les planchers de fondation afin de garantir l\u2019\u00e9tanch\u00e9it\u00e9 et limiter l\u2019infiltration du radon.<\/p><\/li><li><p>Le point d\u2019aspiration sous la dalle, lui, a une dur\u00e9e de vie quasi illimit\u00e9e.<\/p><\/li><\/ul>\t\t\t\t\t\t\t\t<\/div>\n\t\t\t\t<\/div>\n\t\t\t\t<div class=\"elementor-element elementor-element-40f25170 elementor-widget elementor-widget-text-editor\" data-id=\"40f25170\" data-element_type=\"widget\" data-e-type=\"widget\" data-widget_type=\"text-editor.default\">\n\t\t\t\t<div class=\"elementor-widget-container\">\n\t\t\t\t\t\t\t\t\t<p>Autrement dit, ce sont surtout les <strong>composantes m\u00e9caniques<\/strong> qui d\u00e9terminent la long\u00e9vit\u00e9 du syst\u00e8me. Pour garantir l\u2019efficacit\u00e9 et la conformit\u00e9 de l\u2019installation, il est fortement recommand\u00e9 de faire appel \u00e0 une entreprise sp\u00e9cialis\u00e9e et certifi\u00e9e pour l\u2019installation et l\u2019entretien d\u2019un syst\u00e8me d\u2019att\u00e9nuation du radon.<\/p>\t\t\t\t\t\t\t\t<\/div>\n\t\t\t\t<\/div>\n\t\t\t\t<div class=\"elementor-element elementor-element-834a4272 elementor-widget elementor-widget-heading\" data-id=\"834a4272\" data-element_type=\"widget\" data-e-type=\"widget\" data-widget_type=\"heading.default\">\n\t\t\t\t<div class=\"elementor-widget-container\">\n\t\t\t\t\t<h2 class=\"elementor-heading-title elementor-size-default\">Le ventilateur de radon : la pi\u00e8ce ma\u00eetresse\u2026 et la plus vuln\u00e9rable<\/h2>\t\t\t\t<\/div>\n\t\t\t\t<\/div>\n\t\t\t\t<div class=\"elementor-element elementor-element-facf6d7c elementor-widget elementor-widget-text-editor\" data-id=\"facf6d7c\" data-element_type=\"widget\" data-e-type=\"widget\" data-widget_type=\"text-editor.default\">\n\t\t\t\t<div class=\"elementor-widget-container\">\n\t\t\t\t\t\t\t\t\t<p>Le ventilateur du syst\u00e8me est con\u00e7u pour fonctionner <strong>24 heures sur 24, 7 jours sur 7<\/strong>, sans interruption. Il maintient une pression n\u00e9gative sous la dalle, de fa\u00e7on \u00e0 emp\u00eacher le radon de p\u00e9n\u00e9trer dans la maison. Plus la quantit\u00e9 de radon \u00e0 extraire est importante, plus le ventilateur doit fournir un travail soutenu pour assurer l&rsquo;efficacit\u00e9 du syst\u00e8me.<\/p>\t\t\t\t\t\t\t\t<\/div>\n\t\t\t\t<\/div>\n\t\t\t\t<div class=\"elementor-element elementor-element-d4cffe4f elementor-widget elementor-widget-heading\" data-id=\"d4cffe4f\" data-element_type=\"widget\" data-e-type=\"widget\" data-widget_type=\"heading.default\">\n\t\t\t\t<div class=\"elementor-widget-container\">\n\t\t\t\t\t<h3 class=\"elementor-heading-title elementor-size-default\">Dur\u00e9e de vie moyenne<\/h3>\t\t\t\t<\/div>\n\t\t\t\t<\/div>\n\t\t\t\t<div class=\"elementor-element elementor-element-a15c2ed6 elementor-widget elementor-widget-text-editor\" data-id=\"a15c2ed6\" data-element_type=\"widget\" data-e-type=\"widget\" data-widget_type=\"text-editor.default\">\n\t\t\t\t<div class=\"elementor-widget-container\">\n\t\t\t\t\t\t\t\t\t<p>En conditions normales, un ventilateur de radon fonctionne efficacement pendant environ :<\/p>\t\t\t\t\t\t\t\t<\/div>\n\t\t\t\t<\/div>\n\t\t\t\t<div class=\"elementor-element elementor-element-91786f76 elementor-widget elementor-widget-text-editor\" data-id=\"91786f76\" data-element_type=\"widget\" data-e-type=\"widget\" data-widget_type=\"text-editor.default\">\n\t\t\t\t<div class=\"elementor-widget-container\">\n\t\t\t\t\t\t\t\t\t<ul><li><p><strong>8 \u00e0 12 ans<\/strong> pour les mod\u00e8les standards<\/p><\/li><li><p><strong>10 \u00e0 15 ans<\/strong> pour les mod\u00e8les de haute qualit\u00e9<\/p><\/li><\/ul>\t\t\t\t\t\t\t\t<\/div>\n\t\t\t\t<\/div>\n\t\t\t\t<div class=\"elementor-element elementor-element-301906d1 elementor-widget elementor-widget-text-editor\" data-id=\"301906d1\" data-element_type=\"widget\" data-e-type=\"widget\" data-widget_type=\"text-editor.default\">\n\t\t\t\t<div class=\"elementor-widget-container\">\n\t\t\t\t\t\t\t\t\t<p>Plus la maison est grande ou complexe, plus le ventilateur doit travailler fort, ce qui peut r\u00e9duire l\u00e9g\u00e8rement sa dur\u00e9e de vie.<\/p>\t\t\t\t\t\t\t\t<\/div>\n\t\t\t\t<\/div>\n\t\t\t\t<div class=\"elementor-element elementor-element-d94e1a8b elementor-widget elementor-widget-heading\" data-id=\"d94e1a8b\" data-element_type=\"widget\" data-e-type=\"widget\" data-widget_type=\"heading.default\">\n\t\t\t\t<div class=\"elementor-widget-container\">\n\t\t\t\t\t<h3 class=\"elementor-heading-title elementor-size-default\">Signes que le ventilateur est en fin de vie<\/h3>\t\t\t\t<\/div>\n\t\t\t\t<\/div>\n\t\t\t\t<div class=\"elementor-element elementor-element-e9624ddf elementor-widget elementor-widget-text-editor\" data-id=\"e9624ddf\" data-element_type=\"widget\" data-e-type=\"widget\" data-widget_type=\"text-editor.default\">\n\t\t\t\t<div class=\"elementor-widget-container\">\n\t\t\t\t\t\t\t\t\t<p>Un ventilateur qui approche sa fin de course peut pr\u00e9senter :<\/p>\t\t\t\t\t\t\t\t<\/div>\n\t\t\t\t<\/div>\n\t\t\t\t<div class=\"elementor-element elementor-element-66eb34b4 elementor-widget elementor-widget-text-editor\" data-id=\"66eb34b4\" data-element_type=\"widget\" data-e-type=\"widget\" data-widget_type=\"text-editor.default\">\n\t\t\t\t<div class=\"elementor-widget-container\">\n\t\t\t\t\t\t\t\t\t<ul><li><p>un <strong>bruit inhabituel<\/strong> (vibration, bourdonnement plus fort que d\u2019habitude)<\/p><\/li><li><p>une <strong>perte de pression<\/strong>, indiqu\u00e9e par le manom\u00e8tre<\/p><\/li><li><p>une <strong>augmentation du niveau de radon<\/strong> lors du test annuel<\/p><\/li><li><p>un <strong>arr\u00eat complet sans raison apparente<\/strong><\/p><\/li><\/ul>\t\t\t\t\t\t\t\t<\/div>\n\t\t\t\t<\/div>\n\t\t\t\t<div class=\"elementor-element elementor-element-1a4e617e elementor-widget elementor-widget-text-editor\" data-id=\"1a4e617e\" data-element_type=\"widget\" data-e-type=\"widget\" data-widget_type=\"text-editor.default\">\n\t\t\t\t<div class=\"elementor-widget-container\">\n\t\t\t\t\t\t\t\t\t<p>Si l\u2019un ou l\u2019autre de ces signes appara\u00eet, il est conseill\u00e9 de faire inspecter le syst\u00e8me par un <strong>professionnel certifi\u00e9 C-NRPP<\/strong>.<\/p>\t\t\t\t\t\t\t\t<\/div>\n\t\t\t\t<\/div>\n\t\t\t\t<div class=\"elementor-element elementor-element-cc4ef3c4 elementor-widget elementor-widget-heading\" data-id=\"cc4ef3c4\" data-element_type=\"widget\" data-e-type=\"widget\" data-widget_type=\"heading.default\">\n\t\t\t\t<div class=\"elementor-widget-container\">\n\t\t\t\t\t<h2 class=\"elementor-heading-title elementor-size-default\">Les autres composantes : long\u00e9vit\u00e9 et entretien<\/h2>\t\t\t\t<\/div>\n\t\t\t\t<\/div>\n\t\t\t\t<div class=\"elementor-element elementor-element-86d0312a elementor-widget elementor-widget-text-editor\" data-id=\"86d0312a\" data-element_type=\"widget\" data-e-type=\"widget\" data-widget_type=\"text-editor.default\">\n\t\t\t\t<div class=\"elementor-widget-container\">\n\t\t\t\t\t\t\t\t\t<p>M\u00eame si le ventilateur est souvent la premi\u00e8re pi\u00e8ce \u00e0 remplacer, le reste du syst\u00e8me joue un r\u00f4le tout aussi important. L\u2019\u00e9tanch\u00e9it\u00e9 de la fondation est essentielle pour garantir l\u2019efficacit\u00e9 du syst\u00e8me de r\u00e9duction du radon et limiter l\u2019infiltration du gaz dans la maison. Il est recommand\u00e9 de placer les \u00e9quipements dans une aire non habit\u00e9e, comme un grenier ou un garage, afin d\u2019\u00e9viter la condensation et d\u2019assurer le bon fonctionnement du syst\u00e8me.<\/p>\t\t\t\t\t\t\t\t<\/div>\n\t\t\t\t<\/div>\n\t\t\t\t<div class=\"elementor-element elementor-element-647859d6 elementor-widget elementor-widget-text-editor\" data-id=\"647859d6\" data-element_type=\"widget\" data-e-type=\"widget\" data-widget_type=\"text-editor.default\">\n\t\t\t\t<div class=\"elementor-widget-container\">\n\t\t\t\t\t\t\t\t\t<p>Pour la ventilation, il est n\u00e9cessaire de bien d\u00e9finir les fins afin d\u2019optimiser la circulation d\u2019air et garantir un d\u00e9bit ad\u00e9quat dans l\u2019ensemble du syst\u00e8me.<\/p>\t\t\t\t\t\t\t\t<\/div>\n\t\t\t\t<\/div>\n\t\t\t\t<div class=\"elementor-element elementor-element-b15c018a elementor-widget elementor-widget-text-editor\" data-id=\"b15c018a\" data-element_type=\"widget\" data-e-type=\"widget\" data-widget_type=\"text-editor.default\">\n\t\t\t\t<div class=\"elementor-widget-container\">\n\t\t\t\t\t\t\t\t\t<p>Concernant le point d\u2019aspiration, une installation sp\u00e9cifique dans un vide sanitaire, sous la membrane, permet de r\u00e9duire efficacement la concentration de radon, en tenant compte de la configuration de la fondation et du co\u00fbt associ\u00e9 \u00e0 cette intervention.<\/p>\t\t\t\t\t\t\t\t<\/div>\n\t\t\t\t<\/div>\n\t\t\t\t<div class=\"elementor-element elementor-element-b40cc9d2 elementor-widget elementor-widget-text-editor\" data-id=\"b40cc9d2\" data-element_type=\"widget\" data-e-type=\"widget\" data-widget_type=\"text-editor.default\">\n\t\t\t\t<div class=\"elementor-widget-container\">\n\t\t\t\t\t\t\t\t\t<p>Voici une vue d\u2019ensemble :<\/p>\t\t\t\t\t\t\t\t<\/div>\n\t\t\t\t<\/div>\n\t\t\t\t<div class=\"elementor-element elementor-element-795955cb elementor-widget elementor-widget-heading\" data-id=\"795955cb\" data-element_type=\"widget\" data-e-type=\"widget\" data-widget_type=\"heading.default\">\n\t\t\t\t<div class=\"elementor-widget-container\">\n\t\t\t\t\t<h3 class=\"elementor-heading-title elementor-size-default\">1. Tuyaux et conduits<\/h3>\t\t\t\t<\/div>\n\t\t\t\t<\/div>\n\t\t\t\t<div class=\"elementor-element elementor-element-5d06c979 elementor-widget elementor-widget-text-editor\" data-id=\"5d06c979\" data-element_type=\"widget\" data-e-type=\"widget\" data-widget_type=\"text-editor.default\">\n\t\t\t\t<div class=\"elementor-widget-container\">\n\t\t\t\t\t\t\t\t\t<p>Les conduits en PVC sont extr\u00eamement durables. Ils r\u00e9sistent :<\/p>\t\t\t\t\t\t\t\t<\/div>\n\t\t\t\t<\/div>\n\t\t\t\t<div class=\"elementor-element elementor-element-20786ce8 elementor-widget elementor-widget-text-editor\" data-id=\"20786ce8\" data-element_type=\"widget\" data-e-type=\"widget\" data-widget_type=\"text-editor.default\">\n\t\t\t\t<div class=\"elementor-widget-container\">\n\t\t\t\t\t\t\t\t\t<ul><li><p>\u00e0 l\u2019humidit\u00e9<\/p><\/li><li><p>au froid<\/p><\/li><li><p>aux chocs l\u00e9gers<\/p><\/li><li><p>au vieillissement naturel<\/p><\/li><\/ul>\t\t\t\t\t\t\t\t<\/div>\n\t\t\t\t<\/div>\n\t\t\t\t<div class=\"elementor-element elementor-element-88af8a88 elementor-widget elementor-widget-text-editor\" data-id=\"88af8a88\" data-element_type=\"widget\" data-e-type=\"widget\" data-widget_type=\"text-editor.default\">\n\t\t\t\t<div class=\"elementor-widget-container\">\n\t\t\t\t\t\t\t\t\t<p>Dur\u00e9e de vie : <strong>20 \u00e0 30 ans<\/strong> sans probl\u00e8me.<\/p>\t\t\t\t\t\t\t\t<\/div>\n\t\t\t\t<\/div>\n\t\t\t\t<div class=\"elementor-element elementor-element-7da504bc elementor-widget elementor-widget-heading\" data-id=\"7da504bc\" data-element_type=\"widget\" data-e-type=\"widget\" data-widget_type=\"heading.default\">\n\t\t\t\t<div class=\"elementor-widget-container\">\n\t\t\t\t\t<h3 class=\"elementor-heading-title elementor-size-default\">2. Scellants et joints<\/h3>\t\t\t\t<\/div>\n\t\t\t\t<\/div>\n\t\t\t\t<div class=\"elementor-element elementor-element-9c972df2 elementor-widget elementor-widget-text-editor\" data-id=\"9c972df2\" data-element_type=\"widget\" data-e-type=\"widget\" data-widget_type=\"text-editor.default\">\n\t\t\t\t<div class=\"elementor-widget-container\">\n\t\t\t\t\t\t\t\t\t<p>Les joints autour de la dalle, des fissures et des conduits doivent \u00eatre v\u00e9rifi\u00e9s p\u00e9riodiquement. Au Qu\u00e9bec, les variations de temp\u00e9rature et l\u2019humidit\u00e9 peuvent acc\u00e9l\u00e9rer leur d\u00e9gradation.<\/p>\t\t\t\t\t\t\t\t<\/div>\n\t\t\t\t<\/div>\n\t\t\t\t<div class=\"elementor-element elementor-element-167e6360 elementor-widget elementor-widget-text-editor\" data-id=\"167e6360\" data-element_type=\"widget\" data-e-type=\"widget\" data-widget_type=\"text-editor.default\">\n\t\t\t\t<div class=\"elementor-widget-container\">\n\t\t\t\t\t\t\t\t\t<p>Dur\u00e9e de vie : <strong>5 \u00e0 10 ans<\/strong>, parfois plus.<\/p>\t\t\t\t\t\t\t\t<\/div>\n\t\t\t\t<\/div>\n\t\t\t\t<div class=\"elementor-element elementor-element-22c836e5 elementor-widget elementor-widget-heading\" data-id=\"22c836e5\" data-element_type=\"widget\" data-e-type=\"widget\" data-widget_type=\"heading.default\">\n\t\t\t\t<div class=\"elementor-widget-container\">\n\t\t\t\t\t<h3 class=\"elementor-heading-title elementor-size-default\">3. Point d\u2019aspiration sous la dalle<\/h3>\t\t\t\t<\/div>\n\t\t\t\t<\/div>\n\t\t\t\t<div class=\"elementor-element elementor-element-22928c77 elementor-widget elementor-widget-text-editor\" data-id=\"22928c77\" data-element_type=\"widget\" data-e-type=\"widget\" data-widget_type=\"text-editor.default\">\n\t\t\t\t<div class=\"elementor-widget-container\">\n\t\t\t\t\t\t\t\t\t<p>Cette portion du syst\u00e8me est permanente. Une fois install\u00e9e, elle n\u2019exige g\u00e9n\u00e9ralement aucun entretien.<\/p>\t\t\t\t\t\t\t\t<\/div>\n\t\t\t\t<\/div>\n\t\t\t\t<div class=\"elementor-element elementor-element-ec922910 elementor-widget elementor-widget-text-editor\" data-id=\"ec922910\" data-element_type=\"widget\" data-e-type=\"widget\" data-widget_type=\"text-editor.default\">\n\t\t\t\t<div class=\"elementor-widget-container\">\n\t\t\t\t\t\t\t\t\t<p>Dur\u00e9e de vie : <strong>illimit\u00e9e<\/strong>.<\/p>\t\t\t\t\t\t\t\t<\/div>\n\t\t\t\t<\/div>\n\t\t\t\t<div class=\"elementor-element elementor-element-43ed149f elementor-widget elementor-widget-heading\" data-id=\"43ed149f\" data-element_type=\"widget\" data-e-type=\"widget\" data-widget_type=\"heading.default\">\n\t\t\t\t<div class=\"elementor-widget-container\">\n\t\t\t\t\t<h2 class=\"elementor-heading-title elementor-size-default\">Quand un syst\u00e8me perd-il de son efficacit\u00e9 ?<\/h2>\t\t\t\t<\/div>\n\t\t\t\t<\/div>\n\t\t\t\t<div class=\"elementor-element elementor-element-80785180 elementor-widget elementor-widget-text-editor\" data-id=\"80785180\" data-element_type=\"widget\" data-e-type=\"widget\" data-widget_type=\"text-editor.default\">\n\t\t\t\t<div class=\"elementor-widget-container\">\n\t\t\t\t\t\t\t\t\t<p>M\u00eame si un syst\u00e8me est bien install\u00e9, il peut perdre en performance au fil du temps. Il est donc essentiel d&rsquo;interpr\u00e9ter chaque r\u00e9sultat de test pour \u00e9valuer la performance du syst\u00e8me. Voici les raisons les plus courantes :<\/p>\t\t\t\t\t\t\t\t<\/div>\n\t\t\t\t<\/div>\n\t\t\t\t<div class=\"elementor-element elementor-element-abdd0935 elementor-widget elementor-widget-heading\" data-id=\"abdd0935\" data-element_type=\"widget\" data-e-type=\"widget\" data-widget_type=\"heading.default\">\n\t\t\t\t<div class=\"elementor-widget-container\">\n\t\t\t\t\t<h3 class=\"elementor-heading-title elementor-size-default\">1. Usure naturelle du ventilateur<\/h3>\t\t\t\t<\/div>\n\t\t\t\t<\/div>\n\t\t\t\t<div class=\"elementor-element elementor-element-faabbbf9 elementor-widget elementor-widget-text-editor\" data-id=\"faabbbf9\" data-element_type=\"widget\" data-e-type=\"widget\" data-widget_type=\"text-editor.default\">\n\t\t\t\t<div class=\"elementor-widget-container\">\n\t\t\t\t\t\t\t\t\t<p>C\u2019est la principale cause de baisse d\u2019efficacit\u00e9. Une diminution progressive du d\u00e9bit d\u2019air entra\u00eene une remont\u00e9e du radon.<\/p>\t\t\t\t\t\t\t\t<\/div>\n\t\t\t\t<\/div>\n\t\t\t\t<div class=\"elementor-element elementor-element-7bf9e981 elementor-widget elementor-widget-heading\" data-id=\"7bf9e981\" data-element_type=\"widget\" data-e-type=\"widget\" data-widget_type=\"heading.default\">\n\t\t\t\t<div class=\"elementor-widget-container\">\n\t\t\t\t\t<h3 class=\"elementor-heading-title elementor-size-default\">2. D\u00e9gradation des scellants<\/h3>\t\t\t\t<\/div>\n\t\t\t\t<\/div>\n\t\t\t\t<div class=\"elementor-element elementor-element-c08a93c2 elementor-widget elementor-widget-text-editor\" data-id=\"c08a93c2\" data-element_type=\"widget\" data-e-type=\"widget\" data-widget_type=\"text-editor.default\">\n\t\t\t\t<div class=\"elementor-widget-container\">\n\t\t\t\t\t\t\t\t\t<p>Si les fissures ou les joints se rouvrent, la pression sous la dalle devient moins efficace.<\/p>\t\t\t\t\t\t\t\t<\/div>\n\t\t\t\t<\/div>\n\t\t\t\t<div class=\"elementor-element elementor-element-46d4458a elementor-widget elementor-widget-heading\" data-id=\"46d4458a\" data-element_type=\"widget\" data-e-type=\"widget\" data-widget_type=\"heading.default\">\n\t\t\t\t<div class=\"elementor-widget-container\">\n\t\t\t\t\t<h3 class=\"elementor-heading-title elementor-size-default\">3. Changements structurels<\/h3>\t\t\t\t<\/div>\n\t\t\t\t<\/div>\n\t\t\t\t<div class=\"elementor-element elementor-element-6da76244 elementor-widget elementor-widget-text-editor\" data-id=\"6da76244\" data-element_type=\"widget\" data-e-type=\"widget\" data-widget_type=\"text-editor.default\">\n\t\t\t\t<div class=\"elementor-widget-container\">\n\t\t\t\t\t\t\t\t\t<p>Des travaux dans la maison (r\u00e9novation au sous-sol, nouvelles fissures, drainage modifi\u00e9) peuvent modifier les chemins d\u2019air.<\/p>\t\t\t\t\t\t\t\t<\/div>\n\t\t\t\t<\/div>\n\t\t\t\t<div class=\"elementor-element elementor-element-e9a518ae elementor-widget elementor-widget-heading\" data-id=\"e9a518ae\" data-element_type=\"widget\" data-e-type=\"widget\" data-widget_type=\"heading.default\">\n\t\t\t\t<div class=\"elementor-widget-container\">\n\t\t\t\t\t<h3 class=\"elementor-heading-title elementor-size-default\">4. Variations du sol<\/h3>\t\t\t\t<\/div>\n\t\t\t\t<\/div>\n\t\t\t\t<div class=\"elementor-element elementor-element-5acee5e7 elementor-widget elementor-widget-text-editor\" data-id=\"5acee5e7\" data-element_type=\"widget\" data-e-type=\"widget\" data-widget_type=\"text-editor.default\">\n\t\t\t\t<div class=\"elementor-widget-container\">\n\t\t\t\t\t\t\t\t\t<p>Le sol sous la maison peut se tasser ou devenir plus perm\u00e9able avec les ann\u00e9es, changeant le comportement du radon.<\/p>\t\t\t\t\t\t\t\t<\/div>\n\t\t\t\t<\/div>\n\t\t\t\t<div class=\"elementor-element elementor-element-65ebd676 elementor-widget elementor-widget-heading\" data-id=\"65ebd676\" data-element_type=\"widget\" data-e-type=\"widget\" data-widget_type=\"heading.default\">\n\t\t\t\t<div class=\"elementor-widget-container\">\n\t\t\t\t\t<h2 class=\"elementor-heading-title elementor-size-default\">Tester r\u00e9guli\u00e8rement : la cl\u00e9 pour prolonger la dur\u00e9e de vie utile<\/h2>\t\t\t\t<\/div>\n\t\t\t\t<\/div>\n\t\t\t\t<div class=\"elementor-element elementor-element-9a89c398 elementor-widget elementor-widget-text-editor\" data-id=\"9a89c398\" data-element_type=\"widget\" data-e-type=\"widget\" data-widget_type=\"text-editor.default\">\n\t\t\t\t<div class=\"elementor-widget-container\">\n\t\t\t\t\t\t\t\t\t<p>La dur\u00e9e de vie th\u00e9orique d\u2019un syst\u00e8me est une chose, mais la surveillance r\u00e9guli\u00e8re en est une autre. M\u00eame si le syst\u00e8me semble fonctionner, il est recommand\u00e9 de :<\/p>\t\t\t\t\t\t\t\t<\/div>\n\t\t\t\t<\/div>\n\t\t\t\t<div class=\"elementor-element elementor-element-30fb35e6 elementor-widget elementor-widget-text-editor\" data-id=\"30fb35e6\" data-element_type=\"widget\" data-e-type=\"widget\" data-widget_type=\"text-editor.default\">\n\t\t\t\t<div class=\"elementor-widget-container\">\n\t\t\t\t\t\t\t\t\t<ul><li><p>v\u00e9rifier le <strong>manom\u00e8tre<\/strong> au moins une fois par mois<\/p><\/li><li><p>effectuer un <strong>test de radon<\/strong> tous les <strong>2 \u00e0 3 ans<\/strong><\/p><\/li><li><p>faire inspecter le syst\u00e8me apr\u00e8s des <strong>travaux majeurs<\/strong> au sous-sol<\/p><\/li><li><p>surveiller les bruits ou vibrations inhabituelles du ventilateur<\/p><\/li><\/ul>\t\t\t\t\t\t\t\t<\/div>\n\t\t\t\t<\/div>\n\t\t\t\t<div class=\"elementor-element elementor-element-d917638d elementor-widget elementor-widget-text-editor\" data-id=\"d917638d\" data-element_type=\"widget\" data-e-type=\"widget\" data-widget_type=\"text-editor.default\">\n\t\t\t\t<div class=\"elementor-widget-container\">\n\t\t\t\t\t\t\t\t\t<p>Pour garantir la fiabilit\u00e9 des r\u00e9sultats, il est essentiel de choisir la bonne place pour installer le dosim\u00e8tre, id\u00e9alement dans un espace occup\u00e9 r\u00e9guli\u00e8rement au niveau inf\u00e9rieur de la maison.<\/p>\t\t\t\t\t\t\t\t<\/div>\n\t\t\t\t<\/div>\n\t\t\t\t<div class=\"elementor-element elementor-element-7e59c8a4 elementor-widget elementor-widget-text-editor\" data-id=\"7e59c8a4\" data-element_type=\"widget\" data-e-type=\"widget\" data-widget_type=\"text-editor.default\">\n\t\t\t\t<div class=\"elementor-widget-container\">\n\t\t\t\t\t\t\t\t\t<p>La mesure r\u00e9guli\u00e8re est indispensable pour d\u00e9tecter une perte de performance avant qu\u2019elle ne devienne un probl\u00e8me de sant\u00e9.<\/p>\t\t\t\t\t\t\t\t<\/div>\n\t\t\t\t<\/div>\n\t\t\t\t<div class=\"elementor-element elementor-element-1b51b554 elementor-widget elementor-widget-text-editor\" data-id=\"1b51b554\" data-element_type=\"widget\" data-e-type=\"widget\" data-widget_type=\"text-editor.default\">\n\t\t\t\t<div class=\"elementor-widget-container\">\n\t\t\t\t\t\t\t\t\t<p>Pour plus d&rsquo;informations sur les tests de radon et l&rsquo;interpr\u00e9tation des r\u00e9sultats, consultez <a target=\"_blank\" rel=\"noopener noreferrer\" href=\"https:\/\/leradon.com\/\">le site web<\/a> de Sant\u00e9 Canada.<\/p>\t\t\t\t\t\t\t\t<\/div>\n\t\t\t\t<\/div>\n\t\t\t\t<div class=\"elementor-element elementor-element-5f5e033a elementor-widget elementor-widget-heading\" data-id=\"5f5e033a\" data-element_type=\"widget\" data-e-type=\"widget\" data-widget_type=\"heading.default\">\n\t\t\t\t<div class=\"elementor-widget-container\">\n\t\t\t\t\t<h2 class=\"elementor-heading-title elementor-size-default\">Co\u00fbts li\u00e9s au remplacement ou \u00e0 l\u2019entretien<\/h2>\t\t\t\t<\/div>\n\t\t\t\t<\/div>\n\t\t\t\t<div class=\"elementor-element elementor-element-0905592d elementor-widget elementor-widget-text-editor\" data-id=\"0905592d\" data-element_type=\"widget\" data-e-type=\"widget\" data-widget_type=\"text-editor.default\">\n\t\t\t\t<div class=\"elementor-widget-container\">\n\t\t\t\t\t\t\t\t\t<p>L\u2019entretien d\u2019un syst\u00e8me d\u2019att\u00e9nuation est relativement faible, mais il est important de savoir \u00e0 quoi s\u2019attendre.<\/p>\t\t\t\t\t\t\t\t<\/div>\n\t\t\t\t<\/div>\n\t\t\t\t<div class=\"elementor-element elementor-element-2b648f7e elementor-widget elementor-widget-heading\" data-id=\"2b648f7e\" data-element_type=\"widget\" data-e-type=\"widget\" data-widget_type=\"heading.default\">\n\t\t\t\t<div class=\"elementor-widget-container\">\n\t\t\t\t\t<h3 class=\"elementor-heading-title elementor-size-default\">Remplacement du ventilateur<\/h3>\t\t\t\t<\/div>\n\t\t\t\t<\/div>\n\t\t\t\t<div class=\"elementor-element elementor-element-8ef116a3 elementor-widget elementor-widget-text-editor\" data-id=\"8ef116a3\" data-element_type=\"widget\" data-e-type=\"widget\" data-widget_type=\"text-editor.default\">\n\t\t\t\t<div class=\"elementor-widget-container\">\n\t\t\t\t\t\t\t\t\t<ul><li><p>Entre <strong>350 $ et 700 $<\/strong> selon le mod\u00e8le<\/p><\/li><li><p>Installation professionnelle : <strong>150 $ \u00e0 300 $<\/strong><\/p><\/li><\/ul>\t\t\t\t\t\t\t\t<\/div>\n\t\t\t\t<\/div>\n\t\t\t\t<div class=\"elementor-element elementor-element-b4412921 elementor-widget elementor-widget-heading\" data-id=\"b4412921\" data-element_type=\"widget\" data-e-type=\"widget\" data-widget_type=\"heading.default\">\n\t\t\t\t<div class=\"elementor-widget-container\">\n\t\t\t\t\t<h3 class=\"elementor-heading-title elementor-size-default\">Refaire les scellants<\/h3>\t\t\t\t<\/div>\n\t\t\t\t<\/div>\n\t\t\t\t<div class=\"elementor-element elementor-element-c100c0b1 elementor-widget elementor-widget-text-editor\" data-id=\"c100c0b1\" data-element_type=\"widget\" data-e-type=\"widget\" data-widget_type=\"text-editor.default\">\n\t\t\t\t<div class=\"elementor-widget-container\">\n\t\t\t\t\t\t\t\t\t<ul><li><p>En g\u00e9n\u00e9ral, <strong>100 $ \u00e0 300 $<\/strong>, selon la surface<\/p><\/li><\/ul>\t\t\t\t\t\t\t\t<\/div>\n\t\t\t\t<\/div>\n\t\t\t\t<div class=\"elementor-element elementor-element-0b7e9b7f elementor-widget elementor-widget-heading\" data-id=\"0b7e9b7f\" data-element_type=\"widget\" data-e-type=\"widget\" data-widget_type=\"heading.default\">\n\t\t\t\t<div class=\"elementor-widget-container\">\n\t\t\t\t\t<h3 class=\"elementor-heading-title elementor-size-default\">V\u00e9rification professionnelle<\/h3>\t\t\t\t<\/div>\n\t\t\t\t<\/div>\n\t\t\t\t<div class=\"elementor-element elementor-element-ef783e0a elementor-widget elementor-widget-text-editor\" data-id=\"ef783e0a\" data-element_type=\"widget\" data-e-type=\"widget\" data-widget_type=\"text-editor.default\">\n\t\t\t\t<div class=\"elementor-widget-container\">\n\t\t\t\t\t\t\t\t\t<ul><li><p>Inspection et test : <strong>150 $ \u00e0 250 $<\/strong><\/p><\/li><\/ul>\t\t\t\t\t\t\t\t<\/div>\n\t\t\t\t<\/div>\n\t\t\t\t<div class=\"elementor-element elementor-element-fb7c02fe elementor-widget elementor-widget-text-editor\" data-id=\"fb7c02fe\" data-element_type=\"widget\" data-e-type=\"widget\" data-widget_type=\"text-editor.default\">\n\t\t\t\t<div class=\"elementor-widget-container\">\n\t\t\t\t\t\t\t\t\t<p>Compar\u00e9 au risque d\u2019un taux \u00e9lev\u00e9 de radon, l\u2019entretien reste tr\u00e8s abordable.<\/p>\t\t\t\t\t\t\t\t<\/div>\n\t\t\t\t<\/div>\n\t\t\t\t<div class=\"elementor-element elementor-element-f9795de3 elementor-widget elementor-widget-heading\" data-id=\"f9795de3\" data-element_type=\"widget\" data-e-type=\"widget\" data-widget_type=\"heading.default\">\n\t\t\t\t<div class=\"elementor-widget-container\">\n\t\t\t\t\t<h2 class=\"elementor-heading-title elementor-size-default\">Dur\u00e9e de vie r\u00e9elle : ce que constatent les professionnels au Qu\u00e9bec<\/h2>\t\t\t\t<\/div>\n\t\t\t\t<\/div>\n\t\t\t\t<div class=\"elementor-element elementor-element-4f9b4daf elementor-widget elementor-widget-text-editor\" data-id=\"4f9b4daf\" data-element_type=\"widget\" data-e-type=\"widget\" data-widget_type=\"text-editor.default\">\n\t\t\t\t<div class=\"elementor-widget-container\">\n\t\t\t\t\t\t\t\t\t<p>Les entrepreneurs en att\u00e9nuation du radon au Qu\u00e9bec constatent g\u00e9n\u00e9ralement que :<\/p>\t\t\t\t\t\t\t\t<\/div>\n\t\t\t\t<\/div>\n\t\t\t\t<div class=\"elementor-element elementor-element-618f4f49 elementor-widget elementor-widget-text-editor\" data-id=\"618f4f49\" data-element_type=\"widget\" data-e-type=\"widget\" data-widget_type=\"text-editor.default\">\n\t\t\t\t<div class=\"elementor-widget-container\">\n\t\t\t\t\t\t\t\t\t<ul><li><p>Les ventilateurs durent entre <strong>9 et 13 ans<\/strong> en moyenne.<\/p><\/li><li><p>Les syst\u00e8mes install\u00e9s correctement peuvent \u00eatre efficaces pendant <strong>20 ans et plus<\/strong>. \u00c0 titre d&rsquo;exemple, une maison ayant b\u00e9n\u00e9fici\u00e9 d&rsquo;un entretien r\u00e9gulier a conserv\u00e9 un syst\u00e8me performant pendant plus de 20 ans.<\/p><\/li><li><p>Dans les maisons tr\u00e8s \u00e9tanches ou avec un sol tr\u00e8s perm\u00e9able, les ventilateurs travaillent davantage et s\u2019usent plus vite.<\/p><\/li><li><p>Les syst\u00e8mes install\u00e9s dans des secteurs froids (p. ex. Saguenay, Estrie) peuvent n\u00e9cessiter des ventilateurs plus robustes.<\/p><\/li><li><p>Pour les nouvelles constructions, il est essentiel d&rsquo;int\u00e9grer des mesures d&rsquo;att\u00e9nuation d\u00e8s la phase de construction afin de maximiser la dur\u00e9e de vie du syst\u00e8me et de r\u00e9duire les co\u00fbts futurs.<\/p><\/li><\/ul>\t\t\t\t\t\t\t\t<\/div>\n\t\t\t\t<\/div>\n\t\t\t\t<div class=\"elementor-element elementor-element-9dced860 elementor-widget elementor-widget-text-editor\" data-id=\"9dced860\" data-element_type=\"widget\" data-e-type=\"widget\" data-widget_type=\"text-editor.default\">\n\t\t\t\t<div class=\"elementor-widget-container\">\n\t\t\t\t\t\t\t\t\t<p>En r\u00e9sum\u00e9, un syst\u00e8me bien entretenu peut prot\u00e9ger une famille pendant <strong>des d\u00e9cennies<\/strong>.<\/p>\t\t\t\t\t\t\t\t<\/div>\n\t\t\t\t<\/div>\n\t\t\t\t<div class=\"elementor-element elementor-element-ff5fd00d elementor-widget elementor-widget-heading\" data-id=\"ff5fd00d\" data-element_type=\"widget\" data-e-type=\"widget\" data-widget_type=\"heading.default\">\n\t\t\t\t<div class=\"elementor-widget-container\">\n\t\t\t\t\t<h2 class=\"elementor-heading-title elementor-size-default\">Conclusion : un syst\u00e8me durable, mais \u00e0 surveiller<\/h2>\t\t\t\t<\/div>\n\t\t\t\t<\/div>\n\t\t\t\t<div class=\"elementor-element elementor-element-22a3f1ab elementor-widget elementor-widget-text-editor\" data-id=\"22a3f1ab\" data-element_type=\"widget\" data-e-type=\"widget\" data-widget_type=\"text-editor.default\">\n\t\t\t\t<div class=\"elementor-widget-container\">\n\t\t\t\t\t\t\t\t\t<p>Un <strong>syst\u00e8me d\u2019att\u00e9nuation du radon<\/strong> a une dur\u00e9e de vie longue \u2014 g\u00e9n\u00e9ralement entre <strong>10 et 20 ans<\/strong>, parfois plus.<br\/>Le ventilateur devra \u00eatre remplac\u00e9 au bout de <strong>8 \u00e0 15 ans<\/strong>, mais le reste du syst\u00e8me est con\u00e7u pour durer tr\u00e8s longtemps.<\/p>\t\t\t\t\t\t\t\t<\/div>\n\t\t\t\t<\/div>\n\t\t\t\t<div class=\"elementor-element elementor-element-e27163fb elementor-widget elementor-widget-text-editor\" data-id=\"e27163fb\" data-element_type=\"widget\" data-e-type=\"widget\" data-widget_type=\"text-editor.default\">\n\t\t\t\t<div class=\"elementor-widget-container\">\n\t\t\t\t\t\t\t\t\t<p>Avec un entretien minimal, quelques v\u00e9rifications r\u00e9guli\u00e8res et un test de radon tous les deux ou trois ans, il est possible de maintenir une protection efficace et durable.<\/p>\t\t\t\t\t\t\t\t<\/div>\n\t\t\t\t<\/div>\n\t\t\t\t<div class=\"elementor-element elementor-element-c97e2d46 elementor-widget elementor-widget-html\" data-id=\"c97e2d46\" data-element_type=\"widget\" data-e-type=\"widget\" data-widget_type=\"html.default\">\n\t\t\t\t<div class=\"elementor-widget-container\">\n\t\t\t\t\t<p>Votre syst\u00e8me d\u2019att\u00e9nuation travaille en silence 24\/7 pour garder votre air sain.<br\/>Quelques petites v\u00e9rifications suffisent pour garantir sa performance et prot\u00e9ger votre famille pendant des ann\u00e9es.<\/p>\t\t\t\t<\/div>\n\t\t\t\t<\/div>\n\t\t\t\t\t<\/div>\n\t\t\t\t<\/div>\n\t\t\t\t<\/div>\n\t\t","protected":false},"excerpt":{"rendered":"<p>Entretien Syst\u00e8me Radon Qu\u00e9bec: Quelle est la dur\u00e9e de vie d\u2019un syst\u00e8me d\u2019att\u00e9nuation du radon ? Lorsqu\u2019un propri\u00e9taire d\u00e9couvre un niveau \u00e9lev\u00e9 de radon dans sa maison, l\u2019installation d\u2019un syst\u00e8me d\u2019att\u00e9nuation devient une priorit\u00e9. Mais une question revient constamment : Combien de temps un syst\u00e8me d\u2019att\u00e9nuation du radon peut-il durer ? Et surtout, doit-on pr\u00e9voir [&hellip;]<\/p>\n","protected":false},"author":6,"featured_media":4911,"comment_status":"open","ping_status":"closed","sticky":false,"template":"","format":"standard","meta":{"footnotes":""},"categories":[6,28],"tags":[],"class_list":["post-4909","post","type-post","status-publish","format-standard","has-post-thumbnail","hentry","category-construction","category-generale"],"yoast_head":"<!-- This site is optimized with the Yoast SEO plugin v28.3 - https:\/\/yoast.com\/product\/yoast-seo-wordpress\/ -->\n<title>Entretien syst\u00e8me radon Qu\u00e9bec : Prot\u00e9gez votre sant\u00e9 et votre maison<\/title>\n<meta name=\"description\" content=\"Prot\u00e9gez votre sant\u00e9 et votre maison en d\u00e9couvrant les meilleures pratiques d&#039;entretien pour le radon au Qu\u00e9bec. Lisez notre article pour en savoir plus.\" \/>\n<meta name=\"robots\" content=\"index, follow, max-snippet:-1, max-image-preview:large, max-video-preview:-1\" \/>\n<link rel=\"canonical\" href=\"https:\/\/leradon.com\/?p=4909\" \/>\n<meta property=\"og:locale\" content=\"fr_FR\" \/>\n<meta property=\"og:type\" content=\"article\" \/>\n<meta property=\"og:title\" content=\"Entretien syst\u00e8me radon Qu\u00e9bec : Prot\u00e9gez votre sant\u00e9 et votre maison\" \/>\n<meta property=\"og:description\" content=\"Prot\u00e9gez votre sant\u00e9 et votre maison en d\u00e9couvrant les meilleures pratiques d&#039;entretien pour le radon au Qu\u00e9bec. Lisez notre article pour en savoir plus.\" \/>\n<meta property=\"og:url\" content=\"https:\/\/leradon.com\/?p=4909\" \/>\n<meta property=\"og:site_name\" content=\"Le Radon\" \/>\n<meta property=\"article:published_time\" content=\"2025-11-14T17:25:42+00:00\" \/>\n<meta property=\"article:modified_time\" content=\"2025-11-14T17:25:44+00:00\" \/>\n<meta property=\"og:image\" content=\"https:\/\/leradon.com\/wp-content\/uploads\/2025\/11\/d30508f8-8b85-4976-9feb-e358b76082b5.jpeg\" \/>\n\t<meta property=\"og:image:width\" content=\"1620\" \/>\n\t<meta property=\"og:image:height\" content=\"2160\" \/>\n\t<meta property=\"og:image:type\" content=\"image\/jpeg\" \/>\n<meta name=\"author\" content=\"David Gingras\" \/>\n<meta name=\"twitter:card\" content=\"summary_large_image\" \/>\n<meta name=\"twitter:label1\" content=\"\u00c9crit par\" \/>\n\t<meta name=\"twitter:data1\" content=\"David Gingras\" \/>\n\t<meta name=\"twitter:label2\" content=\"Dur\u00e9e de lecture estim\u00e9e\" \/>\n\t<meta name=\"twitter:data2\" content=\"11 minutes\" \/>\n<script type=\"application\/ld+json\" class=\"yoast-schema-graph\">{\"@context\":\"https:\\\/\\\/schema.org\",\"@graph\":[{\"@type\":\"Article\",\"@id\":\"https:\\\/\\\/leradon.com\\\/?p=4909#article\",\"isPartOf\":{\"@id\":\"https:\\\/\\\/leradon.com\\\/?p=4909\"},\"author\":{\"name\":\"David Gingras\",\"@id\":\"https:\\\/\\\/leradon.com\\\/#\\\/schema\\\/person\\\/4e4d613924ffc9f9540ef06b793433ec\"},\"headline\":\"Entretien Syst\u00e8me Radon Qu\u00e9bec: Quelle est la dur\u00e9e de vie d\u2019un syst\u00e8me d\u2019att\u00e9nuation du radon ?\",\"datePublished\":\"2025-11-14T17:25:42+00:00\",\"dateModified\":\"2025-11-14T17:25:44+00:00\",\"mainEntityOfPage\":{\"@id\":\"https:\\\/\\\/leradon.com\\\/?p=4909\"},\"wordCount\":2327,\"commentCount\":0,\"image\":{\"@id\":\"https:\\\/\\\/leradon.com\\\/?p=4909#primaryimage\"},\"thumbnailUrl\":\"https:\\\/\\\/leradon.com\\\/wp-content\\\/uploads\\\/2025\\\/11\\\/d30508f8-8b85-4976-9feb-e358b76082b5.jpeg\",\"articleSection\":[\"Construction\",\"G\u00e9n\u00e9rale\"],\"inLanguage\":\"fr-FR\",\"potentialAction\":[{\"@type\":\"CommentAction\",\"name\":\"Comment\",\"target\":[\"https:\\\/\\\/leradon.com\\\/?p=4909#respond\"]}]},{\"@type\":\"WebPage\",\"@id\":\"https:\\\/\\\/leradon.com\\\/?p=4909\",\"url\":\"https:\\\/\\\/leradon.com\\\/?p=4909\",\"name\":\"Entretien syst\u00e8me radon Qu\u00e9bec : Prot\u00e9gez votre sant\u00e9 et votre maison\",\"isPartOf\":{\"@id\":\"https:\\\/\\\/leradon.com\\\/#website\"},\"primaryImageOfPage\":{\"@id\":\"https:\\\/\\\/leradon.com\\\/?p=4909#primaryimage\"},\"image\":{\"@id\":\"https:\\\/\\\/leradon.com\\\/?p=4909#primaryimage\"},\"thumbnailUrl\":\"https:\\\/\\\/leradon.com\\\/wp-content\\\/uploads\\\/2025\\\/11\\\/d30508f8-8b85-4976-9feb-e358b76082b5.jpeg\",\"datePublished\":\"2025-11-14T17:25:42+00:00\",\"dateModified\":\"2025-11-14T17:25:44+00:00\",\"author\":{\"@id\":\"https:\\\/\\\/leradon.com\\\/#\\\/schema\\\/person\\\/4e4d613924ffc9f9540ef06b793433ec\"},\"description\":\"Prot\u00e9gez votre sant\u00e9 et votre maison en d\u00e9couvrant les meilleures pratiques d'entretien pour le radon au Qu\u00e9bec. Lisez notre article pour en savoir plus.\",\"breadcrumb\":{\"@id\":\"https:\\\/\\\/leradon.com\\\/?p=4909#breadcrumb\"},\"inLanguage\":\"fr-FR\",\"potentialAction\":[{\"@type\":\"ReadAction\",\"target\":[\"https:\\\/\\\/leradon.com\\\/?p=4909\"]}]},{\"@type\":\"ImageObject\",\"inLanguage\":\"fr-FR\",\"@id\":\"https:\\\/\\\/leradon.com\\\/?p=4909#primaryimage\",\"url\":\"https:\\\/\\\/leradon.com\\\/wp-content\\\/uploads\\\/2025\\\/11\\\/d30508f8-8b85-4976-9feb-e358b76082b5.jpeg\",\"contentUrl\":\"https:\\\/\\\/leradon.com\\\/wp-content\\\/uploads\\\/2025\\\/11\\\/d30508f8-8b85-4976-9feb-e358b76082b5.jpeg\",\"width\":1620,\"height\":2160},{\"@type\":\"BreadcrumbList\",\"@id\":\"https:\\\/\\\/leradon.com\\\/?p=4909#breadcrumb\",\"itemListElement\":[{\"@type\":\"ListItem\",\"position\":1,\"name\":\"Home\",\"item\":\"https:\\\/\\\/leradon.com\\\/\"},{\"@type\":\"ListItem\",\"position\":2,\"name\":\"Entretien Syst\u00e8me Radon Qu\u00e9bec: Quelle est la dur\u00e9e de vie d\u2019un syst\u00e8me d\u2019att\u00e9nuation du radon ?\"}]},{\"@type\":\"WebSite\",\"@id\":\"https:\\\/\\\/leradon.com\\\/#website\",\"url\":\"https:\\\/\\\/leradon.com\\\/\",\"name\":\"Le Radon\",\"description\":\"\",\"potentialAction\":[{\"@type\":\"SearchAction\",\"target\":{\"@type\":\"EntryPoint\",\"urlTemplate\":\"https:\\\/\\\/leradon.com\\\/?s={search_term_string}\"},\"query-input\":{\"@type\":\"PropertyValueSpecification\",\"valueRequired\":true,\"valueName\":\"search_term_string\"}}],\"inLanguage\":\"fr-FR\"},{\"@type\":\"Person\",\"@id\":\"https:\\\/\\\/leradon.com\\\/#\\\/schema\\\/person\\\/4e4d613924ffc9f9540ef06b793433ec\",\"name\":\"David Gingras\",\"image\":{\"@type\":\"ImageObject\",\"inLanguage\":\"fr-FR\",\"@id\":\"https:\\\/\\\/secure.gravatar.com\\\/avatar\\\/afd90dd52dfeb148ebd360a489493816e6c7626dd791786e07b12369f04f68d3?s=96&d=mm&r=g\",\"url\":\"https:\\\/\\\/secure.gravatar.com\\\/avatar\\\/afd90dd52dfeb148ebd360a489493816e6c7626dd791786e07b12369f04f68d3?s=96&d=mm&r=g\",\"contentUrl\":\"https:\\\/\\\/secure.gravatar.com\\\/avatar\\\/afd90dd52dfeb148ebd360a489493816e6c7626dd791786e07b12369f04f68d3?s=96&d=mm&r=g\",\"caption\":\"David Gingras\"},\"url\":\"https:\\\/\\\/leradon.com\\\/?author=6\"}]}<\/script>\n<!-- \/ Yoast SEO plugin. -->","yoast_head_json":{"title":"Entretien syst\u00e8me radon Qu\u00e9bec : Prot\u00e9gez votre sant\u00e9 et votre maison","description":"Prot\u00e9gez votre sant\u00e9 et votre maison en d\u00e9couvrant les meilleures pratiques d'entretien pour le radon au Qu\u00e9bec. Lisez notre article pour en savoir plus.","robots":{"index":"index","follow":"follow","max-snippet":"max-snippet:-1","max-image-preview":"max-image-preview:large","max-video-preview":"max-video-preview:-1"},"canonical":"https:\/\/leradon.com\/?p=4909","og_locale":"fr_FR","og_type":"article","og_title":"Entretien syst\u00e8me radon Qu\u00e9bec : Prot\u00e9gez votre sant\u00e9 et votre maison","og_description":"Prot\u00e9gez votre sant\u00e9 et votre maison en d\u00e9couvrant les meilleures pratiques d'entretien pour le radon au Qu\u00e9bec. Lisez notre article pour en savoir plus.","og_url":"https:\/\/leradon.com\/?p=4909","og_site_name":"Le Radon","article_published_time":"2025-11-14T17:25:42+00:00","article_modified_time":"2025-11-14T17:25:44+00:00","og_image":[{"width":1620,"height":2160,"url":"https:\/\/leradon.com\/wp-content\/uploads\/2025\/11\/d30508f8-8b85-4976-9feb-e358b76082b5.jpeg","type":"image\/jpeg"}],"author":"David Gingras","twitter_card":"summary_large_image","twitter_misc":{"\u00c9crit par":"David Gingras","Dur\u00e9e de lecture estim\u00e9e":"11 minutes"},"schema":{"@context":"https:\/\/schema.org","@graph":[{"@type":"Article","@id":"https:\/\/leradon.com\/?p=4909#article","isPartOf":{"@id":"https:\/\/leradon.com\/?p=4909"},"author":{"name":"David Gingras","@id":"https:\/\/leradon.com\/#\/schema\/person\/4e4d613924ffc9f9540ef06b793433ec"},"headline":"Entretien Syst\u00e8me Radon Qu\u00e9bec: Quelle est la dur\u00e9e de vie d\u2019un syst\u00e8me d\u2019att\u00e9nuation du radon ?","datePublished":"2025-11-14T17:25:42+00:00","dateModified":"2025-11-14T17:25:44+00:00","mainEntityOfPage":{"@id":"https:\/\/leradon.com\/?p=4909"},"wordCount":2327,"commentCount":0,"image":{"@id":"https:\/\/leradon.com\/?p=4909#primaryimage"},"thumbnailUrl":"https:\/\/leradon.com\/wp-content\/uploads\/2025\/11\/d30508f8-8b85-4976-9feb-e358b76082b5.jpeg","articleSection":["Construction","G\u00e9n\u00e9rale"],"inLanguage":"fr-FR","potentialAction":[{"@type":"CommentAction","name":"Comment","target":["https:\/\/leradon.com\/?p=4909#respond"]}]},{"@type":"WebPage","@id":"https:\/\/leradon.com\/?p=4909","url":"https:\/\/leradon.com\/?p=4909","name":"Entretien syst\u00e8me radon Qu\u00e9bec : Prot\u00e9gez votre sant\u00e9 et votre maison","isPartOf":{"@id":"https:\/\/leradon.com\/#website"},"primaryImageOfPage":{"@id":"https:\/\/leradon.com\/?p=4909#primaryimage"},"image":{"@id":"https:\/\/leradon.com\/?p=4909#primaryimage"},"thumbnailUrl":"https:\/\/leradon.com\/wp-content\/uploads\/2025\/11\/d30508f8-8b85-4976-9feb-e358b76082b5.jpeg","datePublished":"2025-11-14T17:25:42+00:00","dateModified":"2025-11-14T17:25:44+00:00","author":{"@id":"https:\/\/leradon.com\/#\/schema\/person\/4e4d613924ffc9f9540ef06b793433ec"},"description":"Prot\u00e9gez votre sant\u00e9 et votre maison en d\u00e9couvrant les meilleures pratiques d'entretien pour le radon au Qu\u00e9bec. Lisez notre article pour en savoir plus.","breadcrumb":{"@id":"https:\/\/leradon.com\/?p=4909#breadcrumb"},"inLanguage":"fr-FR","potentialAction":[{"@type":"ReadAction","target":["https:\/\/leradon.com\/?p=4909"]}]},{"@type":"ImageObject","inLanguage":"fr-FR","@id":"https:\/\/leradon.com\/?p=4909#primaryimage","url":"https:\/\/leradon.com\/wp-content\/uploads\/2025\/11\/d30508f8-8b85-4976-9feb-e358b76082b5.jpeg","contentUrl":"https:\/\/leradon.com\/wp-content\/uploads\/2025\/11\/d30508f8-8b85-4976-9feb-e358b76082b5.jpeg","width":1620,"height":2160},{"@type":"BreadcrumbList","@id":"https:\/\/leradon.com\/?p=4909#breadcrumb","itemListElement":[{"@type":"ListItem","position":1,"name":"Home","item":"https:\/\/leradon.com\/"},{"@type":"ListItem","position":2,"name":"Entretien Syst\u00e8me Radon Qu\u00e9bec: Quelle est la dur\u00e9e de vie d\u2019un syst\u00e8me d\u2019att\u00e9nuation du radon ?"}]},{"@type":"WebSite","@id":"https:\/\/leradon.com\/#website","url":"https:\/\/leradon.com\/","name":"Le Radon","description":"","potentialAction":[{"@type":"SearchAction","target":{"@type":"EntryPoint","urlTemplate":"https:\/\/leradon.com\/?s={search_term_string}"},"query-input":{"@type":"PropertyValueSpecification","valueRequired":true,"valueName":"search_term_string"}}],"inLanguage":"fr-FR"},{"@type":"Person","@id":"https:\/\/leradon.com\/#\/schema\/person\/4e4d613924ffc9f9540ef06b793433ec","name":"David Gingras","image":{"@type":"ImageObject","inLanguage":"fr-FR","@id":"https:\/\/secure.gravatar.com\/avatar\/afd90dd52dfeb148ebd360a489493816e6c7626dd791786e07b12369f04f68d3?s=96&d=mm&r=g","url":"https:\/\/secure.gravatar.com\/avatar\/afd90dd52dfeb148ebd360a489493816e6c7626dd791786e07b12369f04f68d3?s=96&d=mm&r=g","contentUrl":"https:\/\/secure.gravatar.com\/avatar\/afd90dd52dfeb148ebd360a489493816e6c7626dd791786e07b12369f04f68d3?s=96&d=mm&r=g","caption":"David Gingras"},"url":"https:\/\/leradon.com\/?author=6"}]}},"jetpack_featured_media_url":"https:\/\/leradon.com\/wp-content\/uploads\/2025\/11\/d30508f8-8b85-4976-9feb-e358b76082b5.jpeg","_links":{"self":[{"href":"https:\/\/leradon.com\/index.php?rest_route=\/wp\/v2\/posts\/4909","targetHints":{"allow":["GET"]}}],"collection":[{"href":"https:\/\/leradon.com\/index.php?rest_route=\/wp\/v2\/posts"}],"about":[{"href":"https:\/\/leradon.com\/index.php?rest_route=\/wp\/v2\/types\/post"}],"author":[{"embeddable":true,"href":"https:\/\/leradon.com\/index.php?rest_route=\/wp\/v2\/users\/6"}],"replies":[{"embeddable":true,"href":"https:\/\/leradon.com\/index.php?rest_route=%2Fwp%2Fv2%2Fcomments&post=4909"}],"version-history":[{"count":1,"href":"https:\/\/leradon.com\/index.php?rest_route=\/wp\/v2\/posts\/4909\/revisions"}],"predecessor-version":[{"id":4915,"href":"https:\/\/leradon.com\/index.php?rest_route=\/wp\/v2\/posts\/4909\/revisions\/4915"}],"wp:featuredmedia":[{"embeddable":true,"href":"https:\/\/leradon.com\/index.php?rest_route=\/wp\/v2\/media\/4911"}],"wp:attachment":[{"href":"https:\/\/leradon.com\/index.php?rest_route=%2Fwp%2Fv2%2Fmedia&parent=4909"}],"wp:term":[{"taxonomy":"category","embeddable":true,"href":"https:\/\/leradon.com\/index.php?rest_route=%2Fwp%2Fv2%2Fcategories&post=4909"},{"taxonomy":"post_tag","embeddable":true,"href":"https:\/\/leradon.com\/index.php?rest_route=%2Fwp%2Fv2%2Ftags&post=4909"}],"curies":[{"name":"wp","href":"https:\/\/api.w.org\/{rel}","templated":true}]}}