{"id":4912,"date":"2025-11-14T12:26:12","date_gmt":"2025-11-14T17:26:12","guid":{"rendered":"http:\/\/3.97.166.135\/?p=4912"},"modified":"2025-11-14T12:26:15","modified_gmt":"2025-11-14T17:26:15","slug":"les-effets-du-radon-sur-la-sante-risques-et-prevention-necessaires","status":"publish","type":"post","link":"https:\/\/leradon.com\/?p=4912","title":{"rendered":"Les effets du radon sur la sant\u00e9 : risques et pr\u00e9vention n\u00e9cessaires"},"content":{"rendered":"\t\t<div data-elementor-type=\"wp-post\" data-elementor-id=\"4912\" class=\"elementor elementor-4912\" data-elementor-post-type=\"post\">\n\t\t\t\t<div class=\"elementor-element elementor-element-2d068a41 e-flex e-con-boxed e-con e-parent\" data-id=\"2d068a41\" data-element_type=\"container\" data-e-type=\"container\">\n\t\t\t\t\t<div class=\"e-con-inner\">\n\t\t\t\t<div class=\"elementor-element elementor-element-9ffce234 elementor-widget elementor-widget-heading\" data-id=\"9ffce234\" data-element_type=\"widget\" data-e-type=\"widget\" data-widget_type=\"heading.default\">\n\t\t\t\t<div class=\"elementor-widget-container\">\n\t\t\t\t\t<h1 class=\"elementor-heading-title elementor-size-default\">Les effets du radon sur la sant\u00e9 : risques et pr\u00e9vention n\u00e9cessaires<\/h1>\t\t\t\t<\/div>\n\t\t\t\t<\/div>\n\t\t\t\t<div class=\"elementor-element elementor-element-95798894 elementor-widget elementor-widget-text-editor\" data-id=\"95798894\" data-element_type=\"widget\" data-e-type=\"widget\" data-widget_type=\"text-editor.default\">\n\t\t\t\t<div class=\"elementor-widget-container\">\n\t\t\t\t\t\t\t\t\t<p>Le <a target=\"_blank\" rel=\"noopener noreferrer\" href=\"https:\/\/leradon.com\/tout-savoir-sur-le-radon\/\">radon<\/a> est un gaz dont on parle encore trop peu, mais qui a pourtant un impact majeur sur la sant\u00e9 publique au Qu\u00e9bec et ailleurs au Canada. Invisible, inodore et impossible \u00e0 d\u00e9tecter sans \u00e9quipement, il peut s\u2019accumuler non seulement dans les maisons, mais aussi dans d\u2019autres b\u00e2timents r\u00e9sidentiels ou publics, o\u00f9 il repr\u00e9sente un risque pour la sant\u00e9 des occupants. Il peut s\u2019accumuler dans les maisons et provoquer, \u00e0 long terme, des probl\u00e8mes graves, notamment le cancer du poumon.<\/p>\t\t\t\t\t\t\t\t<\/div>\n\t\t\t\t<\/div>\n\t\t\t\t<div class=\"elementor-element elementor-element-ba5c2abf elementor-widget elementor-widget-text-editor\" data-id=\"ba5c2abf\" data-element_type=\"widget\" data-e-type=\"widget\" data-widget_type=\"text-editor.default\">\n\t\t\t\t<div class=\"elementor-widget-container\">\n\t\t\t\t\t\t\t\t\t<p>Voici un article clair et complet pour comprendre ce gaz, ses risques et les mesures essentielles pour prot\u00e9ger votre famille.<\/p>\t\t\t\t\t\t\t\t<\/div>\n\t\t\t\t<\/div>\n\t\t\t\t<div class=\"elementor-element elementor-element-4d424045 elementor-widget elementor-widget-heading\" data-id=\"4d424045\" data-element_type=\"widget\" data-e-type=\"widget\" data-widget_type=\"heading.default\">\n\t\t\t\t<div class=\"elementor-widget-container\">\n\t\t\t\t\t<h2 class=\"elementor-heading-title elementor-size-default\">Introduction au radon<\/h2>\t\t\t\t<\/div>\n\t\t\t\t<\/div>\n\t\t\t\t<div class=\"elementor-element elementor-element-7be90893 elementor-widget elementor-widget-text-editor\" data-id=\"7be90893\" data-element_type=\"widget\" data-e-type=\"widget\" data-widget_type=\"text-editor.default\">\n\t\t\t\t<div class=\"elementor-widget-container\">\n\t\t\t\t\t\t\t\t\t<p>Le <a target=\"_blank\" rel=\"noopener noreferrer\" href=\"https:\/\/leradon.com\/soumission-en-ligne-gratuite\/\"><strong>radon<\/strong><\/a> est un <strong>gaz radioactif naturel<\/strong> qui provient de la d\u00e9composition de l\u2019uranium dans la roche et \u00e0 la surface du sol. La source principale de radon est la cro\u00fbte terrestre. Il est pr\u00e9sent partout, mais devient dangereux lorsqu\u2019il s\u2019accumule dans les habitations.<\/p>\t\t\t\t\t\t\t\t<\/div>\n\t\t\t\t<\/div>\n\t\t\t\t<div class=\"elementor-element elementor-element-9744fa98 elementor-widget elementor-widget-text-editor\" data-id=\"9744fa98\" data-element_type=\"widget\" data-e-type=\"widget\" data-widget_type=\"text-editor.default\">\n\t\t\t\t<div class=\"elementor-widget-container\">\n\t\t\t\t\t\t\t\t\t<p>Il peut entrer dans une maison par :<\/p>\t\t\t\t\t\t\t\t<\/div>\n\t\t\t\t<\/div>\n\t\t\t\t<div class=\"elementor-element elementor-element-5119e4a6 elementor-widget elementor-widget-text-editor\" data-id=\"5119e4a6\" data-element_type=\"widget\" data-e-type=\"widget\" data-widget_type=\"text-editor.default\">\n\t\t\t\t<div class=\"elementor-widget-container\">\n\t\t\t\t\t\t\t\t\t<ul><li><p>les fissures ou autres ouvertures dans la fondation ou le plancher,<\/p><\/li><li><p>les ouvertures dans les murs ou la dalle de b\u00e9ton,<\/p><\/li><li><p>les espaces autour des tuyaux,<\/p><\/li><li><p>les drains ou siphons de sol,<\/p><\/li><li><p>les vides sanitaires.<\/p><\/li><\/ul>\t\t\t\t\t\t\t\t<\/div>\n\t\t\t\t<\/div>\n\t\t\t\t<div class=\"elementor-element elementor-element-8abdc41e elementor-widget elementor-widget-text-editor\" data-id=\"8abdc41e\" data-element_type=\"widget\" data-e-type=\"widget\" data-widget_type=\"text-editor.default\">\n\t\t\t\t<div class=\"elementor-widget-container\">\n\t\t\t\t\t\t\t\t\t<p>Le radon peut traverser la fondation, le plancher et d\u2019autres ouvertures structurelles, ce qui facilite son infiltration dans le b\u00e2timent.<\/p>\t\t\t\t\t\t\t\t<\/div>\n\t\t\t\t<\/div>\n\t\t\t\t<div class=\"elementor-element elementor-element-d40e2041 elementor-widget elementor-widget-text-editor\" data-id=\"d40e2041\" data-element_type=\"widget\" data-e-type=\"widget\" data-widget_type=\"text-editor.default\">\n\t\t\t\t<div class=\"elementor-widget-container\">\n\t\t\t\t\t\t\t\t\t<p>Le radon s\u2019accumule dans l\u2019air int\u00e9rieur des b\u00e2timents, et la concentration de radon dans l\u2019air int\u00e9rieur (radon dans l\u2019air, radon dans l\u2019air int\u00e9rieur) est un facteur cl\u00e9 de risque pour la sant\u00e9.<\/p>\t\t\t\t\t\t\t\t<\/div>\n\t\t\t\t<\/div>\n\t\t\t\t<div class=\"elementor-element elementor-element-25e591fa elementor-widget elementor-widget-text-editor\" data-id=\"25e591fa\" data-element_type=\"widget\" data-e-type=\"widget\" data-widget_type=\"text-editor.default\">\n\t\t\t\t<div class=\"elementor-widget-container\">\n\t\t\t\t\t\t\t\t\t<p>Comme il est <strong>invisible, inodore et sans go\u00fbt<\/strong>, il passe compl\u00e8tement inaper\u00e7u. Sa concentration varie selon plusieurs facteurs : le type de sol, la ventilation, l\u2019\u00e9tanch\u00e9it\u00e9 du b\u00e2timent, la pr\u00e9sence de roche riche en uranium sous la surface, et m\u00eame la r\u00e9gion dans laquelle vous vivez. La pr\u00e9sence de radon dans l\u2019air int\u00e9rieur peut aussi varier selon les espaces et d\u2019autres parties du b\u00e2timent.<\/p>\t\t\t\t\t\t\t\t<\/div>\n\t\t\t\t<\/div>\n\t\t\t\t<div class=\"elementor-element elementor-element-79c3eb57 elementor-widget elementor-widget-text-editor\" data-id=\"79c3eb57\" data-element_type=\"widget\" data-e-type=\"widget\" data-widget_type=\"text-editor.default\">\n\t\t\t\t<div class=\"elementor-widget-container\">\n\t\t\t\t\t\t\t\t\t<p>C\u2019est pourquoi <strong>mesurer la concentration de radon dans sa maison<\/strong> est la seule fa\u00e7on fiable d\u2019\u00e9valuer les risques pour votre sant\u00e9.<\/p>\t\t\t\t\t\t\t\t<\/div>\n\t\t\t\t<\/div>\n\t\t\t\t<div class=\"elementor-element elementor-element-1bb2534a elementor-widget elementor-widget-heading\" data-id=\"1bb2534a\" data-element_type=\"widget\" data-e-type=\"widget\" data-widget_type=\"heading.default\">\n\t\t\t\t<div class=\"elementor-widget-container\">\n\t\t\t\t\t<h2 class=\"elementor-heading-title elementor-size-default\">Le radon dans votre maison<\/h2>\t\t\t\t<\/div>\n\t\t\t\t<\/div>\n\t\t\t\t<div class=\"elementor-element elementor-element-c1528170 elementor-widget elementor-widget-text-editor\" data-id=\"c1528170\" data-element_type=\"widget\" data-e-type=\"widget\" data-widget_type=\"text-editor.default\">\n\t\t\t\t<div class=\"elementor-widget-container\">\n\t\t\t\t\t\t\t\t\t<p>Dans la plupart des cas, le radon s\u2019infiltre par le sous-sol ou les zones basses de la maison, l\u00e0 o\u00f9 la pression int\u00e9rieure aspire l\u2019air du sol. Les <strong>sous-sols, vides sanitaires et pi\u00e8ces mal ventil\u00e9es<\/strong> pr\u00e9sentent souvent les niveaux les plus \u00e9lev\u00e9s, mais d&rsquo;autres espaces ou d&rsquo;autres \u00e9tages du b\u00e2timent peuvent \u00e9galement \u00eatre concern\u00e9s.<\/p>\t\t\t\t\t\t\t\t<\/div>\n\t\t\t\t<\/div>\n\t\t\t\t<div class=\"elementor-element elementor-element-649c6afa elementor-widget elementor-widget-text-editor\" data-id=\"649c6afa\" data-element_type=\"widget\" data-e-type=\"widget\" data-widget_type=\"text-editor.default\">\n\t\t\t\t<div class=\"elementor-widget-container\">\n\t\t\t\t\t\t\t\t\t<p>Plusieurs \u00e9l\u00e9ments peuvent influencer la concentration de radon :<\/p>\t\t\t\t\t\t\t\t<\/div>\n\t\t\t\t<\/div>\n\t\t\t\t<div class=\"elementor-element elementor-element-af1603ea elementor-widget elementor-widget-text-editor\" data-id=\"af1603ea\" data-element_type=\"widget\" data-e-type=\"widget\" data-widget_type=\"text-editor.default\">\n\t\t\t\t<div class=\"elementor-widget-container\">\n\t\t\t\t\t\t\t\t\t<ul><li><p>la ventilation de la maison,<\/p><\/li><li><p>l\u2019isolation,<\/p><\/li><li><p>le type de construction,<\/p><\/li><li><p>la pr\u00e9sence de fissures ou de joints non \u00e9tanches.<\/p><\/li><\/ul>\t\t\t\t\t\t\t\t<\/div>\n\t\t\t\t<\/div>\n\t\t\t\t<div class=\"elementor-element elementor-element-824442f2 elementor-widget elementor-widget-text-editor\" data-id=\"824442f2\" data-element_type=\"widget\" data-e-type=\"widget\" data-widget_type=\"text-editor.default\">\n\t\t\t\t<div class=\"elementor-widget-container\">\n\t\t\t\t\t\t\t\t\t<p>M\u00eame une maison neuve, parfaitement isol\u00e9e, peut avoir un niveau \u00e9lev\u00e9 de radon si elle repose sur un sol riche en uranium.<\/p>\t\t\t\t\t\t\t\t<\/div>\n\t\t\t\t<\/div>\n\t\t\t\t<div class=\"elementor-element elementor-element-b0e92e9d elementor-widget elementor-widget-text-editor\" data-id=\"b0e92e9d\" data-element_type=\"widget\" data-e-type=\"widget\" data-widget_type=\"text-editor.default\">\n\t\t\t\t<div class=\"elementor-widget-container\">\n\t\t\t\t\t\t\t\t\t<p>Pour une mesure repr\u00e9sentative, il est recommand\u00e9 de placer un d\u00e9tecteur dans les <strong>espaces r\u00e9guli\u00e8rement occup\u00e9s<\/strong>, par exemple une salle familiale au sous-sol ou une chambre du rez-de-chauss\u00e9e. La concentration de radon peut varier d\u2019un espace \u00e0 l\u2019autre dans un m\u00eame b\u00e2timent, il est donc pertinent de tester plusieurs endroits.<\/p>\t\t\t\t\t\t\t\t<\/div>\n\t\t\t\t<\/div>\n\t\t\t\t<div class=\"elementor-element elementor-element-9623779d elementor-widget elementor-widget-text-editor\" data-id=\"9623779d\" data-element_type=\"widget\" data-e-type=\"widget\" data-widget_type=\"text-editor.default\">\n\t\t\t\t<div class=\"elementor-widget-container\">\n\t\t\t\t\t\t\t\t\t<p>Le r\u00e9sultat du test permet ensuite d\u2019identifier les sources possibles et de d\u00e9terminer les solutions n\u00e9cessaires.<\/p>\t\t\t\t\t\t\t\t<\/div>\n\t\t\t\t<\/div>\n\t\t\t\t<div class=\"elementor-element elementor-element-4dc115c4 elementor-widget elementor-widget-heading\" data-id=\"4dc115c4\" data-element_type=\"widget\" data-e-type=\"widget\" data-widget_type=\"heading.default\">\n\t\t\t\t<div class=\"elementor-widget-container\">\n\t\t\t\t\t<h2 class=\"elementor-heading-title elementor-size-default\">Comprendre les concentrations de radon<\/h2>\t\t\t\t<\/div>\n\t\t\t\t<\/div>\n\t\t\t\t<div class=\"elementor-element elementor-element-799836da elementor-widget elementor-widget-text-editor\" data-id=\"799836da\" data-element_type=\"widget\" data-e-type=\"widget\" data-widget_type=\"text-editor.default\">\n\t\t\t\t<div class=\"elementor-widget-container\">\n\t\t\t\t\t\t\t\t\t<p>La concentration de radon se mesure en <strong>becquerels par m\u00e8tre cube (Bq\/m\u00b3)<\/strong>. Au Canada, la directive de Sant\u00e9 Canada fixe la limite acceptable \u00e0 <strong>200 Bq\/m\u00b3<\/strong>.<\/p>\t\t\t\t\t\t\t\t<\/div>\n\t\t\t\t<\/div>\n\t\t\t\t<div class=\"elementor-element elementor-element-b50a1dd0 elementor-widget elementor-widget-text-editor\" data-id=\"b50a1dd0\" data-element_type=\"widget\" data-e-type=\"widget\" data-widget_type=\"text-editor.default\">\n\t\t\t\t<div class=\"elementor-widget-container\">\n\t\t\t\t\t\t\t\t\t<p>Voici ce que cela signifie :<\/p>\t\t\t\t\t\t\t\t<\/div>\n\t\t\t\t<\/div>\n\t\t\t\t<div class=\"elementor-element elementor-element-3b83b6df elementor-widget elementor-widget-text-editor\" data-id=\"3b83b6df\" data-element_type=\"widget\" data-e-type=\"widget\" data-widget_type=\"text-editor.default\">\n\t\t\t\t<div class=\"elementor-widget-container\">\n\t\t\t\t\t\t\t\t\t<ul><li><p><strong>Moins de 200 Bq\/m\u00b3 :<\/strong> concentration jug\u00e9e acceptable, mais plus bas, c\u2019est toujours mieux.<\/p><\/li><li><p><strong>Plus de 200 Bq\/m\u00b3 :<\/strong> il est fortement recommand\u00e9 de prendre des mesures pour r\u00e9duire la concentration.<\/p><\/li><li><p><strong>Plus de 600 Bq\/m\u00b3 :<\/strong> intervention n\u00e9cessaire dans les 6 mois, selon Sant\u00e9 Canada.<\/p><\/li><\/ul>\t\t\t\t\t\t\t\t<\/div>\n\t\t\t\t<\/div>\n\t\t\t\t<div class=\"elementor-element elementor-element-cc10d9fa elementor-widget elementor-widget-text-editor\" data-id=\"cc10d9fa\" data-element_type=\"widget\" data-e-type=\"widget\" data-widget_type=\"text-editor.default\">\n\t\t\t\t<div class=\"elementor-widget-container\">\n\t\t\t\t\t\t\t\t\t<p>Le risque pour la sant\u00e9 augmente en cas de concentration \u00e9lev\u00e9e de radon, notamment en ce qui concerne le cancer du poumon et d&rsquo;autres maladies respiratoires.<\/p>\t\t\t\t\t\t\t\t<\/div>\n\t\t\t\t<\/div>\n\t\t\t\t<div class=\"elementor-element elementor-element-c73ac704 elementor-widget elementor-widget-text-editor\" data-id=\"c73ac704\" data-element_type=\"widget\" data-e-type=\"widget\" data-widget_type=\"text-editor.default\">\n\t\t\t\t<div class=\"elementor-widget-container\">\n\t\t\t\t\t\t\t\t\t<p>Le radon peut varier d\u2019une saison \u00e0 l\u2019autre. Au cours de l\u2019hiver, lorsque les maisons sont plus ferm\u00e9es, les concentrations ont tendance \u00e0 augmenter. D\u2019o\u00f9 l\u2019importance de <strong>mesurer sur une longue p\u00e9riode<\/strong>, id\u00e9alement entre 3 et 12 mois.<\/p>\t\t\t\t\t\t\t\t<\/div>\n\t\t\t\t<\/div>\n\t\t\t\t<div class=\"elementor-element elementor-element-39e0c156 elementor-widget elementor-widget-heading\" data-id=\"39e0c156\" data-element_type=\"widget\" data-e-type=\"widget\" data-widget_type=\"heading.default\">\n\t\t\t\t<div class=\"elementor-widget-container\">\n\t\t\t\t\t<h2 class=\"elementor-heading-title elementor-size-default\">L\u2019exposition au radon : un risque s\u00e9rieux pour la sant\u00e9<\/h2>\t\t\t\t<\/div>\n\t\t\t\t<\/div>\n\t\t\t\t<div class=\"elementor-element elementor-element-6f5db20f elementor-widget elementor-widget-text-editor\" data-id=\"6f5db20f\" data-element_type=\"widget\" data-e-type=\"widget\" data-widget_type=\"text-editor.default\">\n\t\t\t\t<div class=\"elementor-widget-container\">\n\t\t\t\t\t\t\t\t\t<p>L\u2019exposition au radon repr\u00e9sente un <a target=\"_blank\" rel=\"noopener noreferrer\" href=\"https:\/\/leradon.com\/\"><strong>risque pour la sant\u00e9<\/strong><\/a> important, surtout lorsqu\u2019on respire des concentrations \u00e9lev\u00e9es pendant plusieurs ann\u00e9es. Au Canada, environ 16 % des d\u00e9c\u00e8s par cancer du poumon sont attribuables \u00e0 l\u2019exposition au radon, ce qui repr\u00e9sente plus de 3 000 d\u00e9c\u00e8s chaque ann\u00e9e, dont plusieurs centaines au Qu\u00e9bec.<\/p>\t\t\t\t\t\t\t\t<\/div>\n\t\t\t\t<\/div>\n\t\t\t\t<div class=\"elementor-element elementor-element-feb006c5 elementor-widget elementor-widget-heading\" data-id=\"feb006c5\" data-element_type=\"widget\" data-e-type=\"widget\" data-widget_type=\"heading.default\">\n\t\t\t\t<div class=\"elementor-widget-container\">\n\t\t\t\t\t<h3 class=\"elementor-heading-title elementor-size-default\">Le principal effet : le cancer du poumon<\/h3>\t\t\t\t<\/div>\n\t\t\t\t<\/div>\n\t\t\t\t<div class=\"elementor-element elementor-element-fc43f901 elementor-widget elementor-widget-image\" data-id=\"fc43f901\" data-element_type=\"widget\" data-e-type=\"widget\" data-widget_type=\"image.default\">\n\t\t\t\t<div class=\"elementor-widget-container\">\n\t\t\t\t\t\t\t\t\t\t\t\t\t\t\t<img fetchpriority=\"high\" decoding=\"async\" width=\"800\" height=\"457\" src=\"https:\/\/leradon.com\/wp-content\/uploads\/2025\/11\/84c6f51c-e63c-4437-abdd-6685f7ea0792-1024x585.png\" class=\"attachment-large size-large wp-image-4913\" alt=\"\" srcset=\"https:\/\/leradon.com\/wp-content\/uploads\/2025\/11\/84c6f51c-e63c-4437-abdd-6685f7ea0792-1024x585.png 1024w, https:\/\/leradon.com\/wp-content\/uploads\/2025\/11\/84c6f51c-e63c-4437-abdd-6685f7ea0792-300x171.png 300w, https:\/\/leradon.com\/wp-content\/uploads\/2025\/11\/84c6f51c-e63c-4437-abdd-6685f7ea0792-768x439.png 768w, https:\/\/leradon.com\/wp-content\/uploads\/2025\/11\/84c6f51c-e63c-4437-abdd-6685f7ea0792-600x343.png 600w, https:\/\/leradon.com\/wp-content\/uploads\/2025\/11\/84c6f51c-e63c-4437-abdd-6685f7ea0792.png 1344w\" sizes=\"(max-width: 800px) 100vw, 800px\" \/>\t\t\t\t\t\t\t\t\t\t\t\t\t\t\t<\/div>\n\t\t\t\t<\/div>\n\t\t\t\t<div class=\"elementor-element elementor-element-d07b7940 elementor-widget elementor-widget-text-editor\" data-id=\"d07b7940\" data-element_type=\"widget\" data-e-type=\"widget\" data-widget_type=\"text-editor.default\">\n\t\t\t\t<div class=\"elementor-widget-container\">\n\t\t\t\t\t\t\t\t\t<p>Le radon est la <strong>premi\u00e8re cause de cancer du poumon chez les non-fumeurs<\/strong> au Canada.<br\/>Lorsque le radon se d\u00e9sint\u00e8gre dans les poumons, il \u00e9met de petites particules radioactives qui endommagent les tissus pulmonaires. Avec le temps, ces dommages peuvent entra\u00eener des mutations et mener au cancer.<\/p>\t\t\t\t\t\t\t\t<\/div>\n\t\t\t\t<\/div>\n\t\t\t\t<div class=\"elementor-element elementor-element-85d1ed50 elementor-widget elementor-widget-text-editor\" data-id=\"85d1ed50\" data-element_type=\"widget\" data-e-type=\"widget\" data-widget_type=\"text-editor.default\">\n\t\t\t\t<div class=\"elementor-widget-container\">\n\t\t\t\t\t\t\t\t\t<p>Le risque augmente en fonction de :<\/p>\t\t\t\t\t\t\t\t<\/div>\n\t\t\t\t<\/div>\n\t\t\t\t<div class=\"elementor-element elementor-element-0618d373 elementor-widget elementor-widget-text-editor\" data-id=\"0618d373\" data-element_type=\"widget\" data-e-type=\"widget\" data-widget_type=\"text-editor.default\">\n\t\t\t\t<div class=\"elementor-widget-container\">\n\t\t\t\t\t\t\t\t\t<ul><li><p>la <strong>concentration de radon<\/strong>,<\/p><\/li><li><p>la <strong>dur\u00e9e d\u2019exposition<\/strong>,<\/p><\/li><li><p>le <strong>tabagisme<\/strong>.<\/p><\/li><\/ul>\t\t\t\t\t\t\t\t<\/div>\n\t\t\t\t<\/div>\n\t\t\t\t<div class=\"elementor-element elementor-element-fc20238b elementor-widget elementor-widget-text-editor\" data-id=\"fc20238b\" data-element_type=\"widget\" data-e-type=\"widget\" data-widget_type=\"text-editor.default\">\n\t\t\t\t<div class=\"elementor-widget-container\">\n\t\t\t\t\t\t\t\t\t<p>Un fumeur expos\u00e9 au radon est beaucoup plus \u00e0 risque, car les effets du tabac et du radon se combinent et multiplient les dommages.<\/p>\t\t\t\t\t\t\t\t<\/div>\n\t\t\t\t<\/div>\n\t\t\t\t<div class=\"elementor-element elementor-element-d525d6db elementor-widget elementor-widget-heading\" data-id=\"d525d6db\" data-element_type=\"widget\" data-e-type=\"widget\" data-widget_type=\"heading.default\">\n\t\t\t\t<div class=\"elementor-widget-container\">\n\t\t\t\t\t<h3 class=\"elementor-heading-title elementor-size-default\">Autres effets possibles<\/h3>\t\t\t\t<\/div>\n\t\t\t\t<\/div>\n\t\t\t\t<div class=\"elementor-element elementor-element-84be630e elementor-widget elementor-widget-text-editor\" data-id=\"84be630e\" data-element_type=\"widget\" data-e-type=\"widget\" data-widget_type=\"text-editor.default\">\n\t\t\t\t<div class=\"elementor-widget-container\">\n\t\t\t\t\t\t\t\t\t<p>M\u00eame si le radon n\u2019entra\u00eene pas de sympt\u00f4mes imm\u00e9diats, une exposition prolong\u00e9e peut contribuer \u00e0 :<\/p>\t\t\t\t\t\t\t\t<\/div>\n\t\t\t\t<\/div>\n\t\t\t\t<div class=\"elementor-element elementor-element-bfeddcce elementor-widget elementor-widget-text-editor\" data-id=\"bfeddcce\" data-element_type=\"widget\" data-e-type=\"widget\" data-widget_type=\"text-editor.default\">\n\t\t\t\t<div class=\"elementor-widget-container\">\n\t\t\t\t\t\t\t\t\t<ul><li><p>une diminution de la fonction respiratoire,<\/p><\/li><li><p>une irritation chronique des voies pulmonaires,<\/p><\/li><li><p>une vuln\u00e9rabilit\u00e9 accrue aux infections respiratoires.<\/p><\/li><\/ul>\t\t\t\t\t\t\t\t<\/div>\n\t\t\t\t<\/div>\n\t\t\t\t<div class=\"elementor-element elementor-element-3daedf2c elementor-widget elementor-widget-text-editor\" data-id=\"3daedf2c\" data-element_type=\"widget\" data-e-type=\"widget\" data-widget_type=\"text-editor.default\">\n\t\t\t\t<div class=\"elementor-widget-container\">\n\t\t\t\t\t\t\t\t\t<p>Mais le <strong>vrai danger reste la progression silencieuse du cancer du poumon<\/strong>, qui peut appara\u00eetre des ann\u00e9es apr\u00e8s le d\u00e9but de l\u2019exposition.<\/p>\t\t\t\t\t\t\t\t<\/div>\n\t\t\t\t<\/div>\n\t\t\t\t<div class=\"elementor-element elementor-element-29afc71f elementor-widget elementor-widget-heading\" data-id=\"29afc71f\" data-element_type=\"widget\" data-e-type=\"widget\" data-widget_type=\"heading.default\">\n\t\t\t\t<div class=\"elementor-widget-container\">\n\t\t\t\t\t<h2 class=\"elementor-heading-title elementor-size-default\">Unit\u00e9s de mesure : Bq\/m\u00b3 et pCi\/L<\/h2>\t\t\t\t<\/div>\n\t\t\t\t<\/div>\n\t\t\t\t<div class=\"elementor-element elementor-element-5cae04d8 elementor-widget elementor-widget-text-editor\" data-id=\"5cae04d8\" data-element_type=\"widget\" data-e-type=\"widget\" data-widget_type=\"text-editor.default\">\n\t\t\t\t<div class=\"elementor-widget-container\">\n\t\t\t\t\t\t\t\t\t<p>Au Canada, on utilise le <strong>Becquerel par m\u00e8tre cube (Bq\/m\u00b3)<\/strong> pour mesurer le radon.<br\/>Aux \u00c9tats-Unis, la mesure se fait en <strong>picocuries par litre (pCi\/L)<\/strong>.<\/p>\t\t\t\t\t\t\t\t<\/div>\n\t\t\t\t<\/div>\n\t\t\t\t<div class=\"elementor-element elementor-element-d16a0170 elementor-widget elementor-widget-text-editor\" data-id=\"d16a0170\" data-element_type=\"widget\" data-e-type=\"widget\" data-widget_type=\"text-editor.default\">\n\t\t\t\t<div class=\"elementor-widget-container\">\n\t\t\t\t\t\t\t\t\t<p>Pour s\u2019y retrouver :<\/p>\t\t\t\t\t\t\t\t<\/div>\n\t\t\t\t<\/div>\n\t\t\t\t<div class=\"elementor-element elementor-element-e1acfa4a elementor-widget elementor-widget-text-editor\" data-id=\"e1acfa4a\" data-element_type=\"widget\" data-e-type=\"widget\" data-widget_type=\"text-editor.default\">\n\t\t\t\t<div class=\"elementor-widget-container\">\n\t\t\t\t\t\t\t\t\t<ul><li><p><strong>1 pCi\/L = 37 Bq\/m\u00b3<\/strong><\/p><\/li><li><p><strong>4 pCi\/L \u2248 148 Bq\/m\u00b3<\/strong>, ce qui correspond \u00e0 la recommandation am\u00e9ricaine d\u2019intervention.<\/p><\/li><\/ul>\t\t\t\t\t\t\t\t<\/div>\n\t\t\t\t<\/div>\n\t\t\t\t<div class=\"elementor-element elementor-element-e96625e6 elementor-widget elementor-widget-text-editor\" data-id=\"e96625e6\" data-element_type=\"widget\" data-e-type=\"widget\" data-widget_type=\"text-editor.default\">\n\t\t\t\t<div class=\"elementor-widget-container\">\n\t\t\t\t\t\t\t\t\t<p>Comprendre les unit\u00e9s est essentiel pour interpr\u00e9ter les r\u00e9sultats, surtout si l\u2019on compare des donn\u00e9es provenant de diff\u00e9rentes sources.<\/p>\t\t\t\t\t\t\t\t<\/div>\n\t\t\t\t<\/div>\n\t\t\t\t<div class=\"elementor-element elementor-element-a49b98a8 elementor-widget elementor-widget-heading\" data-id=\"a49b98a8\" data-element_type=\"widget\" data-e-type=\"widget\" data-widget_type=\"heading.default\">\n\t\t\t\t<div class=\"elementor-widget-container\">\n\t\t\t\t\t<h2 class=\"elementor-heading-title elementor-size-default\">Le radon dans l\u2019air int\u00e9rieur : pourquoi c\u2019est un probl\u00e8me<\/h2>\t\t\t\t<\/div>\n\t\t\t\t<\/div>\n\t\t\t\t<div class=\"elementor-element elementor-element-221af729 elementor-widget elementor-widget-image\" data-id=\"221af729\" data-element_type=\"widget\" data-e-type=\"widget\" data-widget_type=\"image.default\">\n\t\t\t\t<div class=\"elementor-widget-container\">\n\t\t\t\t\t\t\t\t\t\t\t\t\t\t\t<img decoding=\"async\" width=\"800\" height=\"457\" src=\"https:\/\/leradon.com\/wp-content\/uploads\/2025\/11\/bc08901e-e3b3-498b-94f9-f50db1cb1ee5-1024x585.png\" class=\"attachment-large size-large wp-image-4914\" alt=\"\" srcset=\"https:\/\/leradon.com\/wp-content\/uploads\/2025\/11\/bc08901e-e3b3-498b-94f9-f50db1cb1ee5-1024x585.png 1024w, https:\/\/leradon.com\/wp-content\/uploads\/2025\/11\/bc08901e-e3b3-498b-94f9-f50db1cb1ee5-300x171.png 300w, https:\/\/leradon.com\/wp-content\/uploads\/2025\/11\/bc08901e-e3b3-498b-94f9-f50db1cb1ee5-768x439.png 768w, https:\/\/leradon.com\/wp-content\/uploads\/2025\/11\/bc08901e-e3b3-498b-94f9-f50db1cb1ee5-600x343.png 600w, https:\/\/leradon.com\/wp-content\/uploads\/2025\/11\/bc08901e-e3b3-498b-94f9-f50db1cb1ee5.png 1344w\" sizes=\"(max-width: 800px) 100vw, 800px\" \/>\t\t\t\t\t\t\t\t\t\t\t\t\t\t\t<\/div>\n\t\t\t\t<\/div>\n\t\t\t\t<div class=\"elementor-element elementor-element-8f02977e elementor-widget elementor-widget-text-editor\" data-id=\"8f02977e\" data-element_type=\"widget\" data-e-type=\"widget\" data-widget_type=\"text-editor.default\">\n\t\t\t\t<div class=\"elementor-widget-container\">\n\t\t\t\t\t\t\t\t\t<p>Le radon, lorsqu\u2019il s\u2019accumule dans l\u2019air int\u00e9rieur, devient un <strong>probl\u00e8me de sant\u00e9 publique majeur<\/strong>. \u00c0 l\u2019instar d\u2019autres dangers de l\u2019air int\u00e9rieur comme le monoxyde de carbone, il est essentiel de conna\u00eetre et de g\u00e9rer les risques li\u00e9s au radon pour pr\u00e9server la sant\u00e9 des occupants. Le radon provient de la surface du sol, o\u00f9 il s\u2019\u00e9chappe de la cro\u00fbte terrestre avant de s\u2019infiltrer dans l\u2019air int\u00e9rieur des b\u00e2timents.<\/p>\t\t\t\t\t\t\t\t<\/div>\n\t\t\t\t<\/div>\n\t\t\t\t<div class=\"elementor-element elementor-element-f07b2af8 elementor-widget elementor-widget-text-editor\" data-id=\"f07b2af8\" data-element_type=\"widget\" data-e-type=\"widget\" data-widget_type=\"text-editor.default\">\n\t\t\t\t<div class=\"elementor-widget-container\">\n\t\t\t\t\t\t\t\t\t<p>Il peut s\u2019accumuler :<\/p>\t\t\t\t\t\t\t\t<\/div>\n\t\t\t\t<\/div>\n\t\t\t\t<div class=\"elementor-element elementor-element-cfd6727d elementor-widget elementor-widget-text-editor\" data-id=\"cfd6727d\" data-element_type=\"widget\" data-e-type=\"widget\" data-widget_type=\"text-editor.default\">\n\t\t\t\t<div class=\"elementor-widget-container\">\n\t\t\t\t\t\t\t\t\t<ul><li><p>dans les pi\u00e8ces mal ventil\u00e9es,<\/p><\/li><li><p>dans les espaces clos,<\/p><\/li><li><p>dans les maisons \u00e9tanches ou tr\u00e8s isol\u00e9es,<\/p><\/li><li><p>en hiver, lorsque les fen\u00eatres restent ferm\u00e9es.<\/p><\/li><\/ul>\t\t\t\t\t\t\t\t<\/div>\n\t\t\t\t<\/div>\n\t\t\t\t<div class=\"elementor-element elementor-element-caa7ad02 elementor-widget elementor-widget-text-editor\" data-id=\"caa7ad02\" data-element_type=\"widget\" data-e-type=\"widget\" data-widget_type=\"text-editor.default\">\n\t\t\t\t<div class=\"elementor-widget-container\">\n\t\t\t\t\t\t\t\t\t<p>Plus la ventilation est faible, plus le radon a tendance \u00e0 s\u2019accumuler. C\u2019est pourquoi les sous-sols sont souvent les zones o\u00f9 l\u2019on retrouve les concentrations les plus \u00e9lev\u00e9es.<\/p>\t\t\t\t\t\t\t\t<\/div>\n\t\t\t\t<\/div>\n\t\t\t\t<div class=\"elementor-element elementor-element-18367ea8 elementor-widget elementor-widget-text-editor\" data-id=\"18367ea8\" data-element_type=\"widget\" data-e-type=\"widget\" data-widget_type=\"text-editor.default\">\n\t\t\t\t<div class=\"elementor-widget-container\">\n\t\t\t\t\t\t\t\t\t<p>Une fois inhal\u00e9, le radon se fixe dans les poumons o\u00f9 il peut provoquer des dommages progressifs et irr\u00e9versibles.<\/p>\t\t\t\t\t\t\t\t<\/div>\n\t\t\t\t<\/div>\n\t\t\t\t<div class=\"elementor-element elementor-element-b29bbd53 elementor-widget elementor-widget-heading\" data-id=\"b29bbd53\" data-element_type=\"widget\" data-e-type=\"widget\" data-widget_type=\"heading.default\">\n\t\t\t\t<div class=\"elementor-widget-container\">\n\t\t\t\t\t<h2 class=\"elementor-heading-title elementor-size-default\">Ligne directrice : seuils officiels et recommandations<\/h2>\t\t\t\t<\/div>\n\t\t\t\t<\/div>\n\t\t\t\t<div class=\"elementor-element elementor-element-c0dce5bb elementor-widget elementor-widget-text-editor\" data-id=\"c0dce5bb\" data-element_type=\"widget\" data-e-type=\"widget\" data-widget_type=\"text-editor.default\">\n\t\t\t\t<div class=\"elementor-widget-container\">\n\t\t\t\t\t\t\t\t\t<p>Au Canada, la <strong>ligne directrice officielle de Sant\u00e9 Canada<\/strong> fixe la concentration maximale de radon dans l\u2019air int\u00e9rieur \u00e0 <strong>200 becquerels par m\u00e8tre cube (Bq\/m\u00b3)<\/strong> pour les habitations. Ce seuil a \u00e9t\u00e9 \u00e9tabli pour limiter les risques pour la sant\u00e9, car le radon est un gaz radioactif naturel qui, \u00e0 des concentrations \u00e9lev\u00e9es, augmente consid\u00e9rablement le <strong>risque de cancer du poumon<\/strong>, en particulier chez les non-fumeurs.<\/p>\t\t\t\t\t\t\t\t<\/div>\n\t\t\t\t<\/div>\n\t\t\t\t<div class=\"elementor-element elementor-element-2efbe4f0 elementor-widget elementor-widget-text-editor\" data-id=\"2efbe4f0\" data-element_type=\"widget\" data-e-type=\"widget\" data-widget_type=\"text-editor.default\">\n\t\t\t\t<div class=\"elementor-widget-container\">\n\t\t\t\t\t\t\t\t\t<p>Il est important de comprendre que la <strong>pr\u00e9sence de radon<\/strong> varie \u00e9norm\u00e9ment d\u2019une maison \u00e0 l\u2019autre, m\u00eame au sein d\u2019une m\u00eame r\u00e9gion. Cette variabilit\u00e9 s\u2019explique par la quantit\u00e9 d\u2019uranium dans le sol, la nature des sols et sous-sols, la construction des maisons, la pr\u00e9sence de fissures dans les murs ou les fondations, et l\u2019efficacit\u00e9 de la ventilation. Ainsi, deux maisons voisines peuvent pr\u00e9senter des <strong>concentrations de radon<\/strong> tr\u00e8s diff\u00e9rentes.<\/p>\t\t\t\t\t\t\t\t<\/div>\n\t\t\t\t<\/div>\n\t\t\t\t<div class=\"elementor-element elementor-element-7980d7d6 elementor-widget elementor-widget-text-editor\" data-id=\"7980d7d6\" data-element_type=\"widget\" data-e-type=\"widget\" data-widget_type=\"text-editor.default\">\n\t\t\t\t<div class=\"elementor-widget-container\">\n\t\t\t\t\t\t\t\t\t<p><strong>Sant\u00e9 Canada recommande<\/strong> de mesurer la concentration de radon dans chaque maison, car seul un test permet de conna\u00eetre le niveau r\u00e9el d\u2019exposition. Si la concentration d\u00e9passe la ligne directrice de 200 Bq\/m\u00b3, il est essentiel d\u2019agir rapidement pour r\u00e9duire ce niveau. Les mesures \u00e0 envisager incluent la r\u00e9paration des fissures dans les murs et les fondations, l\u2019am\u00e9lioration de la ventilation, ou encore l\u2019installation d\u2019un syst\u00e8me de d\u00e9pressurisation sous le sol, qui s\u2019av\u00e8re tr\u00e8s efficace pour diminuer la concentration de radon dans l\u2019air int\u00e9rieur.<\/p>\t\t\t\t\t\t\t\t<\/div>\n\t\t\t\t<\/div>\n\t\t\t\t<div class=\"elementor-element elementor-element-2258deba elementor-widget elementor-widget-text-editor\" data-id=\"2258deba\" data-element_type=\"widget\" data-e-type=\"widget\" data-widget_type=\"text-editor.default\">\n\t\t\t\t<div class=\"elementor-widget-container\">\n\t\t\t\t\t\t\t\t\t<p>Le radon est la <a target=\"_blank\" rel=\"noopener noreferrer\" href=\"https:\/\/leradon.com\/tout-savoir-sur-le-radon\/\">premi\u00e8re cause de cancer du poumon chez les non-fumeurs<\/a> au Canada, et la deuxi\u00e8me cause apr\u00e8s le tabac. L\u2019exposition \u00e0 des <strong>concentrations \u00e9lev\u00e9es de radon<\/strong> dans l\u2019air int\u00e9rieur constitue donc un enjeu majeur de sant\u00e9 publique. Suivre la ligne directrice de Sant\u00e9 Canada et prendre les mesures recommand\u00e9es permet de r\u00e9duire significativement le risque de cancer du poumon li\u00e9 au radon.<\/p>\t\t\t\t\t\t\t\t<\/div>\n\t\t\t\t<\/div>\n\t\t\t\t<div class=\"elementor-element elementor-element-17724de5 elementor-widget elementor-widget-text-editor\" data-id=\"17724de5\" data-element_type=\"widget\" data-e-type=\"widget\" data-widget_type=\"text-editor.default\">\n\t\t\t\t<div class=\"elementor-widget-container\">\n\t\t\t\t\t\t\t\t\t<p>En r\u00e9sum\u00e9, la <strong>mesure de la concentration de radon<\/strong> dans chaque maison et l\u2019application des recommandations officielles sont des \u00e9tapes essentielles pour prot\u00e9ger la sant\u00e9 de votre famille et assurer la s\u00e9curit\u00e9 de votre environnement int\u00e9rieur.<\/p>\t\t\t\t\t\t\t\t<\/div>\n\t\t\t\t<\/div>\n\t\t\t\t<div class=\"elementor-element elementor-element-34f285c9 elementor-widget elementor-widget-heading\" data-id=\"34f285c9\" data-element_type=\"widget\" data-e-type=\"widget\" data-widget_type=\"heading.default\">\n\t\t\t\t<div class=\"elementor-widget-container\">\n\t\t\t\t\t<h2 class=\"elementor-heading-title elementor-size-default\">Comment r\u00e9duire les risques : pr\u00e9vention et solutions efficaces<\/h2>\t\t\t\t<\/div>\n\t\t\t\t<\/div>\n\t\t\t\t<div class=\"elementor-element elementor-element-47caf3d6 elementor-widget elementor-widget-text-editor\" data-id=\"47caf3d6\" data-element_type=\"widget\" data-e-type=\"widget\" data-widget_type=\"text-editor.default\">\n\t\t\t\t<div class=\"elementor-widget-container\">\n\t\t\t\t\t\t\t\t\t<p>Bonne nouvelle : m\u00eame si les effets du radon sur la sant\u00e9 sont s\u00e9rieux, il existe des solutions fiables.<\/p>\t\t\t\t\t\t\t\t<\/div>\n\t\t\t\t<\/div>\n\t\t\t\t<div class=\"elementor-element elementor-element-76e5be03 elementor-widget elementor-widget-heading\" data-id=\"76e5be03\" data-element_type=\"widget\" data-e-type=\"widget\" data-widget_type=\"heading.default\">\n\t\t\t\t<div class=\"elementor-widget-container\">\n\t\t\t\t\t<h3 class=\"elementor-heading-title elementor-size-default\">1\ufe0f\u20e3 Tester la concentration<\/h3>\t\t\t\t<\/div>\n\t\t\t\t<\/div>\n\t\t\t\t<div class=\"elementor-element elementor-element-1be3c944 elementor-widget elementor-widget-text-editor\" data-id=\"1be3c944\" data-element_type=\"widget\" data-e-type=\"widget\" data-widget_type=\"text-editor.default\">\n\t\t\t\t<div class=\"elementor-widget-container\">\n\t\t\t\t\t\t\t\t\t<p>La premi\u00e8re \u00e9tape est simple : <strong>faire un test de radon<\/strong>.<br\/>Les tests \u00e0 long terme (3 \u00e0 12 mois) sont les plus pr\u00e9cis.<\/p>\t\t\t\t\t\t\t\t<\/div>\n\t\t\t\t<\/div>\n\t\t\t\t<div class=\"elementor-element elementor-element-c7905f6b elementor-widget elementor-widget-heading\" data-id=\"c7905f6b\" data-element_type=\"widget\" data-e-type=\"widget\" data-widget_type=\"heading.default\">\n\t\t\t\t<div class=\"elementor-widget-container\">\n\t\t\t\t\t<h3 class=\"elementor-heading-title elementor-size-default\">2\ufe0f\u20e3 R\u00e9duire la concentration si elle d\u00e9passe 200 Bq\/m\u00b3<\/h3>\t\t\t\t<\/div>\n\t\t\t\t<\/div>\n\t\t\t\t<div class=\"elementor-element elementor-element-15734909 elementor-widget elementor-widget-text-editor\" data-id=\"15734909\" data-element_type=\"widget\" data-e-type=\"widget\" data-widget_type=\"text-editor.default\">\n\t\t\t\t<div class=\"elementor-widget-container\">\n\t\t\t\t\t\t\t\t\t<p>Les solutions possibles incluent :<\/p>\t\t\t\t\t\t\t\t<\/div>\n\t\t\t\t<\/div>\n\t\t\t\t<div class=\"elementor-element elementor-element-1ab485c0 elementor-widget elementor-widget-text-editor\" data-id=\"1ab485c0\" data-element_type=\"widget\" data-e-type=\"widget\" data-widget_type=\"text-editor.default\">\n\t\t\t\t<div class=\"elementor-widget-container\">\n\t\t\t\t\t\t\t\t\t<ul><li><p>sceller les fissures et joints de la dalle,<\/p><\/li><li><p>am\u00e9liorer la ventilation,<\/p><\/li><li><p>installer un <strong>syst\u00e8me de d\u00e9pressurisation du sol<\/strong>, la m\u00e9thode la plus efficace (r\u00e9duction de 80 \u00e0 95 %).<\/p><\/li><\/ul>\t\t\t\t\t\t\t\t<\/div>\n\t\t\t\t<\/div>\n\t\t\t\t<div class=\"elementor-element elementor-element-93e66cee elementor-widget elementor-widget-heading\" data-id=\"93e66cee\" data-element_type=\"widget\" data-e-type=\"widget\" data-widget_type=\"heading.default\">\n\t\t\t\t<div class=\"elementor-widget-container\">\n\t\t\t\t\t<h3 class=\"elementor-heading-title elementor-size-default\">3\ufe0f\u20e3 Surveiller r\u00e9guli\u00e8rement<\/h3>\t\t\t\t<\/div>\n\t\t\t\t<\/div>\n\t\t\t\t<div class=\"elementor-element elementor-element-75e41f56 elementor-widget elementor-widget-text-editor\" data-id=\"75e41f56\" data-element_type=\"widget\" data-e-type=\"widget\" data-widget_type=\"text-editor.default\">\n\t\t\t\t<div class=\"elementor-widget-container\">\n\t\t\t\t\t\t\t\t\t<p>M\u00eame apr\u00e8s une att\u00e9nuation, il est recommand\u00e9 de :<\/p>\t\t\t\t\t\t\t\t<\/div>\n\t\t\t\t<\/div>\n\t\t\t\t<div class=\"elementor-element elementor-element-95a37e49 elementor-widget elementor-widget-text-editor\" data-id=\"95a37e49\" data-element_type=\"widget\" data-e-type=\"widget\" data-widget_type=\"text-editor.default\">\n\t\t\t\t<div class=\"elementor-widget-container\">\n\t\t\t\t\t\t\t\t\t<ul><li><p>v\u00e9rifier le syst\u00e8me annuellement,<\/p><\/li><li><p>refaire un test tous les 2 \u00e0 3 ans.<\/p><\/li><\/ul>\t\t\t\t\t\t\t\t<\/div>\n\t\t\t\t<\/div>\n\t\t\t\t<div class=\"elementor-element elementor-element-50e284b4 elementor-widget elementor-widget-heading\" data-id=\"50e284b4\" data-element_type=\"widget\" data-e-type=\"widget\" data-widget_type=\"heading.default\">\n\t\t\t\t<div class=\"elementor-widget-container\">\n\t\t\t\t\t<h2 class=\"elementor-heading-title elementor-size-default\">Conclusion : pr\u00e9venir le radon, c\u2019est prot\u00e9ger sa sant\u00e9<\/h2>\t\t\t\t<\/div>\n\t\t\t\t<\/div>\n\t\t\t\t<div class=\"elementor-element elementor-element-41ce26e1 elementor-widget elementor-widget-text-editor\" data-id=\"41ce26e1\" data-element_type=\"widget\" data-e-type=\"widget\" data-widget_type=\"text-editor.default\">\n\t\t\t\t<div class=\"elementor-widget-container\">\n\t\t\t\t\t\t\t\t\t<p>Le radon est un <strong>gaz naturel<\/strong>, mais cela ne signifie pas qu\u2019il est sans danger.<br\/>Invisible et sans sympt\u00f4mes imm\u00e9diats, il peut provoquer des effets graves \u00e0 long terme, principalement le <strong>cancer du poumon<\/strong>, et repr\u00e9sente un enjeu r\u00e9el pour les familles qu\u00e9b\u00e9coises.<\/p>\t\t\t\t\t\t\t\t<\/div>\n\t\t\t\t<\/div>\n\t\t\t\t<div class=\"elementor-element elementor-element-ee8e745f elementor-widget elementor-widget-text-editor\" data-id=\"ee8e745f\" data-element_type=\"widget\" data-e-type=\"widget\" data-widget_type=\"text-editor.default\">\n\t\t\t\t<div class=\"elementor-widget-container\">\n\t\t\t\t\t\t\t\t\t<p>La pr\u00e9vention est simple :<\/p>\t\t\t\t\t\t\t\t<\/div>\n\t\t\t\t<\/div>\n\t\t\t\t<div class=\"elementor-element elementor-element-2d974162 elementor-widget elementor-widget-text-editor\" data-id=\"2d974162\" data-element_type=\"widget\" data-e-type=\"widget\" data-widget_type=\"text-editor.default\">\n\t\t\t\t<div class=\"elementor-widget-container\">\n\t\t\t\t\t\t\t\t\t<ul><li><p>tester,<\/p><\/li><li><p>comprendre les r\u00e9sultats,<\/p><\/li><li><p>agir si n\u00e9cessaire.<\/p><\/li><\/ul>\t\t\t\t\t\t\t\t<\/div>\n\t\t\t\t<\/div>\n\t\t\t\t<div class=\"elementor-element elementor-element-7a03728f elementor-widget elementor-widget-text-editor\" data-id=\"7a03728f\" data-element_type=\"widget\" data-e-type=\"widget\" data-widget_type=\"text-editor.default\">\n\t\t\t\t<div class=\"elementor-widget-container\">\n\t\t\t\t\t\t\t\t\t<p>Un simple test de radon peut litt\u00e9ralement <strong>sauver des vies<\/strong>.<br\/>Prot\u00e9gez votre maison, prot\u00e9gez votre famille \u2014 l\u2019air que vous respirez en d\u00e9pend.<\/p>\t\t\t\t\t\t\t\t<\/div>\n\t\t\t\t<\/div>\n\t\t\t\t<div class=\"elementor-element elementor-element-f0e7ddd3 elementor-widget elementor-widget-text-editor\" data-id=\"f0e7ddd3\" data-element_type=\"widget\" data-e-type=\"widget\" data-widget_type=\"text-editor.default\">\n\t\t\t\t<div class=\"elementor-widget-container\">\n\t\t\t\t\t\t\t\t\t<p><\/p>\t\t\t\t\t\t\t\t<\/div>\n\t\t\t\t<\/div>\n\t\t\t\t\t<\/div>\n\t\t\t\t<\/div>\n\t\t\t\t<\/div>\n\t\t","protected":false},"excerpt":{"rendered":"<p>Les effets du radon sur la sant\u00e9 : risques et pr\u00e9vention n\u00e9cessaires Le radon est un gaz dont on parle encore trop peu, mais qui a pourtant un impact majeur sur la sant\u00e9 publique au Qu\u00e9bec et ailleurs au Canada. Invisible, inodore et impossible \u00e0 d\u00e9tecter sans \u00e9quipement, il peut s\u2019accumuler non seulement dans les [&hellip;]<\/p>\n","protected":false},"author":6,"featured_media":4914,"comment_status":"open","ping_status":"closed","sticky":false,"template":"","format":"standard","meta":{"footnotes":""},"categories":[6,28],"tags":[],"class_list":["post-4912","post","type-post","status-publish","format-standard","has-post-thumbnail","hentry","category-construction","category-generale"],"yoast_head":"<!-- This site is optimized with the Yoast SEO plugin v28.3 - https:\/\/yoast.com\/product\/yoast-seo-wordpress\/ -->\n<title>Les effets du radon sur la sant\u00e9 : risques et pr\u00e9vention essentiels<\/title>\n<meta name=\"description\" content=\"D\u00e9couvrez les risques du radon sur la sant\u00e9 et les mesures de pr\u00e9vention essentielles. Prot\u00e9gez-vous et votre famille. Lisez l&#039;article pour en savoir plus.\" \/>\n<meta name=\"robots\" content=\"index, follow, max-snippet:-1, max-image-preview:large, max-video-preview:-1\" \/>\n<link rel=\"canonical\" href=\"https:\/\/leradon.com\/?p=4912\" \/>\n<meta property=\"og:locale\" content=\"fr_FR\" \/>\n<meta property=\"og:type\" content=\"article\" \/>\n<meta property=\"og:title\" content=\"Les effets du radon sur la sant\u00e9 : risques et pr\u00e9vention essentiels\" \/>\n<meta property=\"og:description\" content=\"D\u00e9couvrez les risques du radon sur la sant\u00e9 et les mesures de pr\u00e9vention essentielles. Prot\u00e9gez-vous et votre famille. Lisez l&#039;article pour en savoir plus.\" \/>\n<meta property=\"og:url\" content=\"https:\/\/leradon.com\/?p=4912\" \/>\n<meta property=\"og:site_name\" content=\"Le Radon\" \/>\n<meta property=\"article:published_time\" content=\"2025-11-14T17:26:12+00:00\" \/>\n<meta property=\"article:modified_time\" content=\"2025-11-14T17:26:15+00:00\" \/>\n<meta property=\"og:image\" content=\"https:\/\/leradon.com\/wp-content\/uploads\/2025\/11\/bc08901e-e3b3-498b-94f9-f50db1cb1ee5.png\" \/>\n\t<meta property=\"og:image:width\" content=\"1344\" \/>\n\t<meta property=\"og:image:height\" content=\"768\" \/>\n\t<meta property=\"og:image:type\" content=\"image\/png\" \/>\n<meta name=\"author\" content=\"David Gingras\" \/>\n<meta name=\"twitter:card\" content=\"summary_large_image\" \/>\n<meta name=\"twitter:label1\" content=\"\u00c9crit par\" \/>\n\t<meta name=\"twitter:data1\" content=\"David Gingras\" \/>\n\t<meta name=\"twitter:label2\" content=\"Dur\u00e9e de lecture estim\u00e9e\" \/>\n\t<meta name=\"twitter:data2\" content=\"9 minutes\" \/>\n<script type=\"application\/ld+json\" class=\"yoast-schema-graph\">{\"@context\":\"https:\\\/\\\/schema.org\",\"@graph\":[{\"@type\":\"Article\",\"@id\":\"https:\\\/\\\/leradon.com\\\/?p=4912#article\",\"isPartOf\":{\"@id\":\"https:\\\/\\\/leradon.com\\\/?p=4912\"},\"author\":{\"name\":\"David Gingras\",\"@id\":\"https:\\\/\\\/leradon.com\\\/#\\\/schema\\\/person\\\/4e4d613924ffc9f9540ef06b793433ec\"},\"headline\":\"Les effets du radon sur la sant\u00e9 : risques et pr\u00e9vention n\u00e9cessaires\",\"datePublished\":\"2025-11-14T17:26:12+00:00\",\"dateModified\":\"2025-11-14T17:26:15+00:00\",\"mainEntityOfPage\":{\"@id\":\"https:\\\/\\\/leradon.com\\\/?p=4912\"},\"wordCount\":1863,\"commentCount\":0,\"image\":{\"@id\":\"https:\\\/\\\/leradon.com\\\/?p=4912#primaryimage\"},\"thumbnailUrl\":\"https:\\\/\\\/leradon.com\\\/wp-content\\\/uploads\\\/2025\\\/11\\\/bc08901e-e3b3-498b-94f9-f50db1cb1ee5.png\",\"articleSection\":[\"Construction\",\"G\u00e9n\u00e9rale\"],\"inLanguage\":\"fr-FR\",\"potentialAction\":[{\"@type\":\"CommentAction\",\"name\":\"Comment\",\"target\":[\"https:\\\/\\\/leradon.com\\\/?p=4912#respond\"]}]},{\"@type\":\"WebPage\",\"@id\":\"https:\\\/\\\/leradon.com\\\/?p=4912\",\"url\":\"https:\\\/\\\/leradon.com\\\/?p=4912\",\"name\":\"Les effets du radon sur la sant\u00e9 : risques et pr\u00e9vention essentiels\",\"isPartOf\":{\"@id\":\"https:\\\/\\\/leradon.com\\\/#website\"},\"primaryImageOfPage\":{\"@id\":\"https:\\\/\\\/leradon.com\\\/?p=4912#primaryimage\"},\"image\":{\"@id\":\"https:\\\/\\\/leradon.com\\\/?p=4912#primaryimage\"},\"thumbnailUrl\":\"https:\\\/\\\/leradon.com\\\/wp-content\\\/uploads\\\/2025\\\/11\\\/bc08901e-e3b3-498b-94f9-f50db1cb1ee5.png\",\"datePublished\":\"2025-11-14T17:26:12+00:00\",\"dateModified\":\"2025-11-14T17:26:15+00:00\",\"author\":{\"@id\":\"https:\\\/\\\/leradon.com\\\/#\\\/schema\\\/person\\\/4e4d613924ffc9f9540ef06b793433ec\"},\"description\":\"D\u00e9couvrez les risques du radon sur la sant\u00e9 et les mesures de pr\u00e9vention essentielles. Prot\u00e9gez-vous et votre famille. Lisez l'article pour en savoir plus.\",\"breadcrumb\":{\"@id\":\"https:\\\/\\\/leradon.com\\\/?p=4912#breadcrumb\"},\"inLanguage\":\"fr-FR\",\"potentialAction\":[{\"@type\":\"ReadAction\",\"target\":[\"https:\\\/\\\/leradon.com\\\/?p=4912\"]}]},{\"@type\":\"ImageObject\",\"inLanguage\":\"fr-FR\",\"@id\":\"https:\\\/\\\/leradon.com\\\/?p=4912#primaryimage\",\"url\":\"https:\\\/\\\/leradon.com\\\/wp-content\\\/uploads\\\/2025\\\/11\\\/bc08901e-e3b3-498b-94f9-f50db1cb1ee5.png\",\"contentUrl\":\"https:\\\/\\\/leradon.com\\\/wp-content\\\/uploads\\\/2025\\\/11\\\/bc08901e-e3b3-498b-94f9-f50db1cb1ee5.png\",\"width\":1344,\"height\":768},{\"@type\":\"BreadcrumbList\",\"@id\":\"https:\\\/\\\/leradon.com\\\/?p=4912#breadcrumb\",\"itemListElement\":[{\"@type\":\"ListItem\",\"position\":1,\"name\":\"Home\",\"item\":\"https:\\\/\\\/leradon.com\\\/\"},{\"@type\":\"ListItem\",\"position\":2,\"name\":\"Les effets du radon sur la sant\u00e9 : risques et pr\u00e9vention n\u00e9cessaires\"}]},{\"@type\":\"WebSite\",\"@id\":\"https:\\\/\\\/leradon.com\\\/#website\",\"url\":\"https:\\\/\\\/leradon.com\\\/\",\"name\":\"Le Radon\",\"description\":\"\",\"potentialAction\":[{\"@type\":\"SearchAction\",\"target\":{\"@type\":\"EntryPoint\",\"urlTemplate\":\"https:\\\/\\\/leradon.com\\\/?s={search_term_string}\"},\"query-input\":{\"@type\":\"PropertyValueSpecification\",\"valueRequired\":true,\"valueName\":\"search_term_string\"}}],\"inLanguage\":\"fr-FR\"},{\"@type\":\"Person\",\"@id\":\"https:\\\/\\\/leradon.com\\\/#\\\/schema\\\/person\\\/4e4d613924ffc9f9540ef06b793433ec\",\"name\":\"David Gingras\",\"image\":{\"@type\":\"ImageObject\",\"inLanguage\":\"fr-FR\",\"@id\":\"https:\\\/\\\/secure.gravatar.com\\\/avatar\\\/afd90dd52dfeb148ebd360a489493816e6c7626dd791786e07b12369f04f68d3?s=96&d=mm&r=g\",\"url\":\"https:\\\/\\\/secure.gravatar.com\\\/avatar\\\/afd90dd52dfeb148ebd360a489493816e6c7626dd791786e07b12369f04f68d3?s=96&d=mm&r=g\",\"contentUrl\":\"https:\\\/\\\/secure.gravatar.com\\\/avatar\\\/afd90dd52dfeb148ebd360a489493816e6c7626dd791786e07b12369f04f68d3?s=96&d=mm&r=g\",\"caption\":\"David Gingras\"},\"url\":\"https:\\\/\\\/leradon.com\\\/?author=6\"}]}<\/script>\n<!-- \/ Yoast SEO plugin. -->","yoast_head_json":{"title":"Les effets du radon sur la sant\u00e9 : risques et pr\u00e9vention essentiels","description":"D\u00e9couvrez les risques du radon sur la sant\u00e9 et les mesures de pr\u00e9vention essentielles. Prot\u00e9gez-vous et votre famille. Lisez l'article pour en savoir plus.","robots":{"index":"index","follow":"follow","max-snippet":"max-snippet:-1","max-image-preview":"max-image-preview:large","max-video-preview":"max-video-preview:-1"},"canonical":"https:\/\/leradon.com\/?p=4912","og_locale":"fr_FR","og_type":"article","og_title":"Les effets du radon sur la sant\u00e9 : risques et pr\u00e9vention essentiels","og_description":"D\u00e9couvrez les risques du radon sur la sant\u00e9 et les mesures de pr\u00e9vention essentielles. Prot\u00e9gez-vous et votre famille. Lisez l'article pour en savoir plus.","og_url":"https:\/\/leradon.com\/?p=4912","og_site_name":"Le Radon","article_published_time":"2025-11-14T17:26:12+00:00","article_modified_time":"2025-11-14T17:26:15+00:00","og_image":[{"width":1344,"height":768,"url":"https:\/\/leradon.com\/wp-content\/uploads\/2025\/11\/bc08901e-e3b3-498b-94f9-f50db1cb1ee5.png","type":"image\/png"}],"author":"David Gingras","twitter_card":"summary_large_image","twitter_misc":{"\u00c9crit par":"David Gingras","Dur\u00e9e de lecture estim\u00e9e":"9 minutes"},"schema":{"@context":"https:\/\/schema.org","@graph":[{"@type":"Article","@id":"https:\/\/leradon.com\/?p=4912#article","isPartOf":{"@id":"https:\/\/leradon.com\/?p=4912"},"author":{"name":"David Gingras","@id":"https:\/\/leradon.com\/#\/schema\/person\/4e4d613924ffc9f9540ef06b793433ec"},"headline":"Les effets du radon sur la sant\u00e9 : risques et pr\u00e9vention n\u00e9cessaires","datePublished":"2025-11-14T17:26:12+00:00","dateModified":"2025-11-14T17:26:15+00:00","mainEntityOfPage":{"@id":"https:\/\/leradon.com\/?p=4912"},"wordCount":1863,"commentCount":0,"image":{"@id":"https:\/\/leradon.com\/?p=4912#primaryimage"},"thumbnailUrl":"https:\/\/leradon.com\/wp-content\/uploads\/2025\/11\/bc08901e-e3b3-498b-94f9-f50db1cb1ee5.png","articleSection":["Construction","G\u00e9n\u00e9rale"],"inLanguage":"fr-FR","potentialAction":[{"@type":"CommentAction","name":"Comment","target":["https:\/\/leradon.com\/?p=4912#respond"]}]},{"@type":"WebPage","@id":"https:\/\/leradon.com\/?p=4912","url":"https:\/\/leradon.com\/?p=4912","name":"Les effets du radon sur la sant\u00e9 : risques et pr\u00e9vention essentiels","isPartOf":{"@id":"https:\/\/leradon.com\/#website"},"primaryImageOfPage":{"@id":"https:\/\/leradon.com\/?p=4912#primaryimage"},"image":{"@id":"https:\/\/leradon.com\/?p=4912#primaryimage"},"thumbnailUrl":"https:\/\/leradon.com\/wp-content\/uploads\/2025\/11\/bc08901e-e3b3-498b-94f9-f50db1cb1ee5.png","datePublished":"2025-11-14T17:26:12+00:00","dateModified":"2025-11-14T17:26:15+00:00","author":{"@id":"https:\/\/leradon.com\/#\/schema\/person\/4e4d613924ffc9f9540ef06b793433ec"},"description":"D\u00e9couvrez les risques du radon sur la sant\u00e9 et les mesures de pr\u00e9vention essentielles. Prot\u00e9gez-vous et votre famille. Lisez l'article pour en savoir plus.","breadcrumb":{"@id":"https:\/\/leradon.com\/?p=4912#breadcrumb"},"inLanguage":"fr-FR","potentialAction":[{"@type":"ReadAction","target":["https:\/\/leradon.com\/?p=4912"]}]},{"@type":"ImageObject","inLanguage":"fr-FR","@id":"https:\/\/leradon.com\/?p=4912#primaryimage","url":"https:\/\/leradon.com\/wp-content\/uploads\/2025\/11\/bc08901e-e3b3-498b-94f9-f50db1cb1ee5.png","contentUrl":"https:\/\/leradon.com\/wp-content\/uploads\/2025\/11\/bc08901e-e3b3-498b-94f9-f50db1cb1ee5.png","width":1344,"height":768},{"@type":"BreadcrumbList","@id":"https:\/\/leradon.com\/?p=4912#breadcrumb","itemListElement":[{"@type":"ListItem","position":1,"name":"Home","item":"https:\/\/leradon.com\/"},{"@type":"ListItem","position":2,"name":"Les effets du radon sur la sant\u00e9 : risques et pr\u00e9vention n\u00e9cessaires"}]},{"@type":"WebSite","@id":"https:\/\/leradon.com\/#website","url":"https:\/\/leradon.com\/","name":"Le Radon","description":"","potentialAction":[{"@type":"SearchAction","target":{"@type":"EntryPoint","urlTemplate":"https:\/\/leradon.com\/?s={search_term_string}"},"query-input":{"@type":"PropertyValueSpecification","valueRequired":true,"valueName":"search_term_string"}}],"inLanguage":"fr-FR"},{"@type":"Person","@id":"https:\/\/leradon.com\/#\/schema\/person\/4e4d613924ffc9f9540ef06b793433ec","name":"David Gingras","image":{"@type":"ImageObject","inLanguage":"fr-FR","@id":"https:\/\/secure.gravatar.com\/avatar\/afd90dd52dfeb148ebd360a489493816e6c7626dd791786e07b12369f04f68d3?s=96&d=mm&r=g","url":"https:\/\/secure.gravatar.com\/avatar\/afd90dd52dfeb148ebd360a489493816e6c7626dd791786e07b12369f04f68d3?s=96&d=mm&r=g","contentUrl":"https:\/\/secure.gravatar.com\/avatar\/afd90dd52dfeb148ebd360a489493816e6c7626dd791786e07b12369f04f68d3?s=96&d=mm&r=g","caption":"David Gingras"},"url":"https:\/\/leradon.com\/?author=6"}]}},"jetpack_featured_media_url":"https:\/\/leradon.com\/wp-content\/uploads\/2025\/11\/bc08901e-e3b3-498b-94f9-f50db1cb1ee5.png","_links":{"self":[{"href":"https:\/\/leradon.com\/index.php?rest_route=\/wp\/v2\/posts\/4912","targetHints":{"allow":["GET"]}}],"collection":[{"href":"https:\/\/leradon.com\/index.php?rest_route=\/wp\/v2\/posts"}],"about":[{"href":"https:\/\/leradon.com\/index.php?rest_route=\/wp\/v2\/types\/post"}],"author":[{"embeddable":true,"href":"https:\/\/leradon.com\/index.php?rest_route=\/wp\/v2\/users\/6"}],"replies":[{"embeddable":true,"href":"https:\/\/leradon.com\/index.php?rest_route=%2Fwp%2Fv2%2Fcomments&post=4912"}],"version-history":[{"count":1,"href":"https:\/\/leradon.com\/index.php?rest_route=\/wp\/v2\/posts\/4912\/revisions"}],"predecessor-version":[{"id":4916,"href":"https:\/\/leradon.com\/index.php?rest_route=\/wp\/v2\/posts\/4912\/revisions\/4916"}],"wp:featuredmedia":[{"embeddable":true,"href":"https:\/\/leradon.com\/index.php?rest_route=\/wp\/v2\/media\/4914"}],"wp:attachment":[{"href":"https:\/\/leradon.com\/index.php?rest_route=%2Fwp%2Fv2%2Fmedia&parent=4912"}],"wp:term":[{"taxonomy":"category","embeddable":true,"href":"https:\/\/leradon.com\/index.php?rest_route=%2Fwp%2Fv2%2Fcategories&post=4912"},{"taxonomy":"post_tag","embeddable":true,"href":"https:\/\/leradon.com\/index.php?rest_route=%2Fwp%2Fv2%2Ftags&post=4912"}],"curies":[{"name":"wp","href":"https:\/\/api.w.org\/{rel}","templated":true}]}}